{"id":64,"date":"2024-04-09T16:31:09","date_gmt":"2024-04-09T19:31:09","guid":{"rendered":"https:\/\/luminosossp.com.br\/blog\/?p=64"},"modified":"2025-05-09T11:43:37","modified_gmt":"2025-05-09T14:43:37","slug":"fachadas-em-acm-estetica-para-valorizar-sua-empresa","status":"publish","type":"post","link":"https:\/\/www.luminosossp.com.br\/blog\/fachadas-em-acm-estetica-para-valorizar-sua-empresa\/","title":{"rendered":"Fachadas em ACM: est\u00e9tica para valorizar sua empresa"},"content":{"rendered":"<span class=\"rt-reading-time\" style=\"display: block;\"><span class=\"rt-label rt-prefix\">Tempo de leitura: <\/span> <span class=\"rt-time\">4<\/span> <span class=\"rt-label rt-postfix\">minutos<\/span><\/span>\n<p class=\"has-medium-font-size\"><strong><em>As fachadas em ACM s\u00e3o cada vez mais utilizadas por empresas que buscam modernidade, resist\u00eancia e forte identidade visual no ponto comercial.<\/em><\/strong><\/p>\n\n\n\n<p>As <strong>fachadas em ACM<\/strong> t\u00eam se tornado cada vez mais populares entre com\u00e9rcios, escrit\u00f3rios e empreendimentos urbanos. <\/p>\n\n\n\n<p>Essa prefer\u00eancia se justifica pela combina\u00e7\u00e3o perfeita entre <strong>design moderno, resist\u00eancia e funcionalidade<\/strong>, atributos essenciais para quem deseja atrair aten\u00e7\u00e3o, transmitir profissionalismo e investir em solu\u00e7\u00f5es duradouras.<\/p>\n\n\n\n<p>Produzidas a partir de <strong>pain\u00e9is de alum\u00ednio com n\u00facleo de polietileno<\/strong>, essas fachadas oferecem um acabamento sofisticado, com alta capacidade de personaliza\u00e7\u00e3o. <\/p>\n\n\n\n<p>Mais do que uma tend\u00eancia est\u00e9tica, o ACM representa uma evolu\u00e7\u00e3o na forma de comunicar a identidade visual de uma marca por meio da arquitetura.<\/p>\n\n\n\n<p>A seguir, voc\u00ea vai entender por que esse material se tornou a escolha ideal para tantos empreendedores, quais os benef\u00edcios t\u00e9cnicos, onde ele pode ser aplicado e por que a Luminosos SP \u00e9 refer\u00eancia nesse segmento.<\/p>\n\n\n\n<ul class=\"wp-block-list\">\n<li><a href=\"https:\/\/www.luminosossp.com.br\/blog\/por-que-os-letreiros-da-zona-norte-estao-em-alta\/\">Por que os letreiros da Zona Norte est\u00e3o em alta?<\/a><\/li>\n<\/ul>\n\n\n\n<div id=\"ez-toc-container\" class=\"ez-toc-v2_0_62 counter-hierarchy ez-toc-counter ez-toc-grey ez-toc-container-direction\">\n<div class=\"ez-toc-title-container\">\n<p class=\"ez-toc-title \" >T&oacute;picos do artigo<\/p>\n<span class=\"ez-toc-title-toggle\"><a href=\"#\" class=\"ez-toc-pull-right ez-toc-btn ez-toc-btn-xs ez-toc-btn-default ez-toc-toggle\" aria-label=\"Toggle Table of Content\"><span class=\"ez-toc-js-icon-con\"><span class=\"\"><span class=\"eztoc-hide\" style=\"display:none;\">Toggle<\/span><span class=\"ez-toc-icon-toggle-span\"><svg style=\"fill: #999;color:#999\" xmlns=\"http:\/\/www.w3.org\/2000\/svg\" class=\"list-377408\" width=\"20px\" height=\"20px\" viewBox=\"0 0 24 24\" fill=\"none\"><path d=\"M6 6H4v2h2V6zm14 0H8v2h12V6zM4 11h2v2H4v-2zm16 0H8v2h12v-2zM4 16h2v2H4v-2zm16 0H8v2h12v-2z\" fill=\"currentColor\"><\/path><\/svg><svg style=\"fill: #999;color:#999\" class=\"arrow-unsorted-368013\" xmlns=\"http:\/\/www.w3.org\/2000\/svg\" width=\"10px\" height=\"10px\" viewBox=\"0 0 24 24\" version=\"1.2\" baseProfile=\"tiny\"><path d=\"M18.2 9.3l-6.2-6.3-6.2 6.3c-.2.2-.3.4-.3.7s.1.5.3.7c.2.2.4.3.7.3h11c.3 0 .5-.1.7-.3.2-.2.3-.5.3-.7s-.1-.5-.3-.7zM5.8 14.7l6.2 6.3 6.2-6.3c.2-.2.3-.5.3-.7s-.1-.5-.3-.7c-.2-.2-.4-.3-.7-.3h-11c-.3 0-.5.1-.7.3-.2.2-.3.5-.3.7s.1.5.3.7z\"\/><\/svg><\/span><\/span><\/span><\/a><\/span><\/div>\n<nav><ul class='ez-toc-list ez-toc-list-level-1 ' ><li class='ez-toc-page-1 ez-toc-heading-level-2'><a class=\"ez-toc-link ez-toc-heading-1\" href=\"https:\/\/www.luminosossp.com.br\/blog\/fachadas-em-acm-estetica-para-valorizar-sua-empresa\/#Estetica_moderna_com_funcionalidade_duradoura\" title=\"Est\u00e9tica moderna com funcionalidade duradoura\">Est\u00e9tica moderna com funcionalidade duradoura<\/a><\/li><li class='ez-toc-page-1 ez-toc-heading-level-2'><a class=\"ez-toc-link ez-toc-heading-2\" href=\"https:\/\/www.luminosossp.com.br\/blog\/fachadas-em-acm-estetica-para-valorizar-sua-empresa\/#Beneficios_tecnicos_que_fazem_a_diferenca\" title=\"Benef\u00edcios t\u00e9cnicos que fazem a diferen\u00e7a\">Benef\u00edcios t\u00e9cnicos que fazem a diferen\u00e7a<\/a><\/li><li class='ez-toc-page-1 ez-toc-heading-level-2'><a class=\"ez-toc-link ez-toc-heading-3\" href=\"https:\/\/www.luminosossp.com.br\/blog\/fachadas-em-acm-estetica-para-valorizar-sua-empresa\/#Onde_aplicar_fachadas_em_ACM_solucoes_para_diversos_segmentos\" title=\"Onde aplicar fachadas em ACM: solu\u00e7\u00f5es para diversos segmentos\">Onde aplicar fachadas em ACM: solu\u00e7\u00f5es para diversos segmentos<\/a><\/li><li class='ez-toc-page-1 ez-toc-heading-level-2'><a class=\"ez-toc-link ez-toc-heading-4\" href=\"https:\/\/www.luminosossp.com.br\/blog\/fachadas-em-acm-estetica-para-valorizar-sua-empresa\/#Por_que_escolher_a_Luminosos_SP_para_sua_fachada_em_ACM\" title=\"Por que escolher a Luminosos SP para sua fachada em ACM\">Por que escolher a Luminosos SP para sua fachada em ACM<\/a><\/li><li class='ez-toc-page-1 ez-toc-heading-level-2'><a class=\"ez-toc-link ez-toc-heading-5\" href=\"https:\/\/www.luminosossp.com.br\/blog\/fachadas-em-acm-estetica-para-valorizar-sua-empresa\/#Invista_em_Fachadas_em_ACM_que_sua_marca_merece\" title=\"Invista em Fachadas em ACM que sua marca merece\">Invista em Fachadas em ACM que sua marca merece<\/a><\/li><\/ul><\/nav><\/div>\n<h2 class=\"wp-block-heading\"><span class=\"ez-toc-section\" id=\"Estetica_moderna_com_funcionalidade_duradoura\"><\/span>Est\u00e9tica moderna com funcionalidade duradoura<span class=\"ez-toc-section-end\"><\/span><\/h2>\n\n\n\n<p>Uma das maiores vantagens das fachadas em ACM \u00e9 sua <strong>versatilidade visual<\/strong>. O material permite uma ampla gama de acabamentos: cores s\u00f3lidas, metalizadas, escovadas, com brilho ou foscas \u2014 todas projetadas para compor fachadas de alto impacto visual e durabilidade. <\/p>\n\n\n\n<p>Essa flexibilidade torna o ACM perfeito para adaptar o ponto comercial \u00e0 <strong>identidade visual da marca<\/strong>, refor\u00e7ando seu posicionamento e se destacando no ambiente urbano competitivo.<\/p>\n\n\n\n<p>Al\u00e9m da apar\u00eancia, o ACM \u00e9 <strong>altamente resistente \u00e0s intemp\u00e9ries<\/strong>. Sol, chuva, varia\u00e7\u00f5es de temperatura e polui\u00e7\u00e3o n\u00e3o comprometem sua integridade ou colora\u00e7\u00e3o. Isso significa que a fachada permanece bonita e funcional por muitos anos, mesmo em cidades com clima inst\u00e1vel.<\/p>\n\n\n\n<p>Outro fator que impulsiona sua popularidade \u00e9 a <strong>facilidade de manuten\u00e7\u00e3o<\/strong>. Por ser um material n\u00e3o poroso e resistente \u00e0 corros\u00e3o, o ACM n\u00e3o requer pintura constante, \u00e9 f\u00e1cil de limpar e demanda baix\u00edssimo custo de conserva\u00e7\u00e3o. <\/p>\n\n\n\n<p>Para empresas que desejam manter a fachada impec\u00e1vel sem gerar despesas recorrentes, esse \u00e9 um diferencial relevante.<\/p>\n\n\n\n<h2 class=\"wp-block-heading\"><span class=\"ez-toc-section\" id=\"Beneficios_tecnicos_que_fazem_a_diferenca\"><\/span>Benef\u00edcios t\u00e9cnicos que fazem a diferen\u00e7a<span class=\"ez-toc-section-end\"><\/span><\/h2>\n\n\n\n<p>Al\u00e9m da est\u00e9tica, as <strong>fachadas em ACM<\/strong> oferecem benef\u00edcios t\u00e9cnicos que impactam diretamente o desempenho da estrutura e a percep\u00e7\u00e3o do p\u00fablico sobre o seu neg\u00f3cio.<\/p>\n\n\n\n<p>A leveza do material facilita sua instala\u00e7\u00e3o em diferentes estruturas arquitet\u00f4nicas, desde fachadas lineares at\u00e9 projetos mais ousados, com recortes e curvas. Isso reduz o tempo de obra e tamb\u00e9m os custos de m\u00e3o de obra e suporte.<\/p>\n\n\n\n<p>O isolamento t\u00e9rmico e ac\u00fastico \u00e9 outro atributo importante. O n\u00facleo de polietileno atua como uma barreira adicional, ajudando a reduzir o calor interno e ru\u00eddos vindos do exterior.<\/p>\n\n\n\n<p>Para estabelecimentos em \u00e1reas urbanas movimentadas, esse detalhe pode contribuir significativamente para o conforto dos colaboradores e dos clientes.<\/p>\n\n\n\n<p>Al\u00e9m disso, o ACM apresenta <strong>\u00f3tima performance em seguran\u00e7a estrutural<\/strong>, pois \u00e9 um material n\u00e3o inflam\u00e1vel, classificado como retardante de chama em muitas composi\u00e7\u00f5es. Isso o torna ideal para projetos que exigem conformidade com normas t\u00e9cnicas e padr\u00f5es de seguran\u00e7a.<\/p>\n\n\n\n<ul class=\"wp-block-list\">\n<li><a href=\"https:\/\/www.luminosossp.com.br\/blog\/letras-em-pvc-escolha-ideal-para-sinalizacao\/\">Letras em PVC: solu\u00e7\u00e3o ideal e econ\u00f4mica para sinaliza\u00e7\u00e3o<\/a><\/li>\n<\/ul>\n\n\n\n<h2 class=\"wp-block-heading\"><span class=\"ez-toc-section\" id=\"Onde_aplicar_fachadas_em_ACM_solucoes_para_diversos_segmentos\"><\/span>Onde aplicar fachadas em ACM: solu\u00e7\u00f5es para diversos segmentos<span class=\"ez-toc-section-end\"><\/span><\/h2>\n\n\n\n<p>A aplica\u00e7\u00e3o das <strong>fachadas em ACM<\/strong> \u00e9 extremamente ampla. Por ser um material vers\u00e1til e elegante, ele \u00e9 adotado por empresas de diferentes portes e setores. Abaixo, apresentamos os principais tipos de neg\u00f3cios que se beneficiam desse investimento:<\/p>\n\n\n\n<p><strong>Lojas e com\u00e9rcios varejistas<\/strong><br>Lojas de rua, franquias, boutiques e redes de varejo utilizam o ACM para modernizar suas fachadas e atrair mais clientes. Uma fachada impactante pode ser o diferencial decisivo para que o consumidor entre ou n\u00e3o no seu estabelecimento.<\/p>\n\n\n\n<p><strong>Restaurantes e cafeterias<\/strong><br>Estabelecimentos do setor aliment\u00edcio apostam nas fachadas em ACM para refor\u00e7ar o estilo da casa \u2014 seja ele casual, sofisticado ou tem\u00e1tico. O visual ajuda a construir uma experi\u00eancia completa, que come\u00e7a j\u00e1 na cal\u00e7ada.<\/p>\n\n\n\n<p><strong>Escrit\u00f3rios corporativos<\/strong><br>Empresas de servi\u00e7os e escrit\u00f3rios optam por esse tipo de fachada para transmitir seriedade, inova\u00e7\u00e3o e profissionalismo. Al\u00e9m disso, a manuten\u00e7\u00e3o simplificada garante que o pr\u00e9dio mantenha uma apar\u00eancia nova por muito mais tempo.<\/p>\n\n\n\n<p><strong>Edif\u00edcios residenciais e condom\u00ednios<\/strong><br>S\u00edndicos e administradoras tamb\u00e9m est\u00e3o adotando o ACM para valorizar fachadas de condom\u00ednios. O material garante um visual moderno, aumento do valor do im\u00f3vel e reduz gastos com pintura e reforma a cada ano.<\/p>\n\n\n\n<h2 class=\"wp-block-heading\"><span class=\"ez-toc-section\" id=\"Por_que_escolher_a_Luminosos_SP_para_sua_fachada_em_ACM\"><\/span>Por que escolher a Luminosos SP para sua fachada em ACM<span class=\"ez-toc-section-end\"><\/span><\/h2>\n\n\n\n<p>Com experi\u00eancia consolidada no mercado de comunica\u00e7\u00e3o visual, a <strong>Luminosos SP<\/strong> \u00e9 refer\u00eancia quando o assunto \u00e9 <strong>fachadas em ACM personalizadas<\/strong>. A empresa atende desde pequenos com\u00e9rcios at\u00e9 grandes redes corporativas, oferecendo solu\u00e7\u00f5es sob medida que combinam tecnologia, criatividade e durabilidade.<\/p>\n\n\n\n<p>Nosso diferencial est\u00e1 em ir al\u00e9m da produ\u00e7\u00e3o. Aqui, <strong>cada projeto \u00e9 pensado estrategicamente<\/strong> para gerar resultados reais: visibilidade, valoriza\u00e7\u00e3o da marca e retorno sobre o investimento. <\/p>\n\n\n\n<p>Com equipe t\u00e9cnica qualificada e atendimento consultivo, garantimos que o cliente receba a solu\u00e7\u00e3o ideal para o seu tipo de neg\u00f3cio, respeitando prazos, or\u00e7amento e qualidade.<\/p>\n\n\n\n<p>Al\u00e9m disso, todos os materiais utilizados s\u00e3o de <strong>alta qualidade<\/strong>, com certifica\u00e7\u00e3o e garantia. A Luminosos SP realiza desde o projeto visual at\u00e9 a instala\u00e7\u00e3o final, entregando uma fachada que realmente transforma a presen\u00e7a da sua empresa no cen\u00e1rio urbano.<\/p>\n\n\n\n<p>Para quem procura confian\u00e7a, expertise e excel\u00eancia, somos a escolha certa para desenvolver sua <strong>fachada em ACM<\/strong>.<\/p>\n\n\n\n<h2 class=\"wp-block-heading\"><span class=\"ez-toc-section\" id=\"Invista_em_Fachadas_em_ACM_que_sua_marca_merece\"><\/span>Invista em Fachadas em ACM que sua marca merece<span class=\"ez-toc-section-end\"><\/span><\/h2>\n\n\n\n<p>Em um cen\u00e1rio comercial cada vez mais visual, investir em uma fachada que represente com precis\u00e3o os valores da sua marca \u00e9 essencial. As <strong>fachadas em ACM<\/strong> oferecem o equil\u00edbrio perfeito entre beleza, desempenho e custo-benef\u00edcio. <\/p>\n\n\n\n<p>Seja para modernizar seu ponto comercial, atrair novos clientes ou se destacar da concorr\u00eancia, essa \u00e9 uma solu\u00e7\u00e3o inteligente e duradoura.<\/p>\n\n\n\n<p>Com o suporte da Luminosos SP, voc\u00ea garante um projeto personalizado, executado com qualidade e pronto para encantar. N\u00e3o deixe para depois \u2014 sua fachada \u00e9 o cart\u00e3o de visitas da sua empresa.<\/p>\n\n\n\n<p><strong>Entre em contato conosco e solicite um or\u00e7amento sem compromisso. Vamos transformar sua fachada em um ponto de destaque na cidade.<\/strong><\/p>\n\n\n\n<ul class=\"wp-block-list\">\n<li><a href=\"https:\/\/www.luminosossp.com.br\/blog\/como-escolher-o-toldo-personalizado-ideal-para-valorizar-sua-casa-ou-comercio\/\">Como escolher o toldo personalizado ideal para valorizar sua casa ou com\u00e9rcio<\/a><\/li>\n<\/ul>\n","protected":false},"excerpt":{"rendered":"<p><span class=\"rt-reading-time\" style=\"display: block;\"><span class=\"rt-label rt-prefix\">Tempo de leitura: <\/span> <span class=\"rt-time\">4<\/span> <span class=\"rt-label rt-postfix\">minutos<\/span><\/span> As fachadas em ACM s\u00e3o cada vez mais utilizadas por empresas que buscam modernidade, resist\u00eancia e forte identidade visual no ponto comercial. As fachadas em ACM t\u00eam se tornado cada vez mais populares entre com\u00e9rcios, escrit\u00f3rios e empreendimentos urbanos. Essa &hellip; <\/p>\n","protected":false},"author":1,"featured_media":65,"comment_status":"open","ping_status":"open","sticky":false,"template":"","format":"standard","meta":{"footnotes":""},"categories":[40],"tags":[178,10,244,352,211,200,354,353,222,356,355,255,189,266,351],"class_list":["post-64","post","type-post","status-publish","format-standard","has-post-thumbnail","hentry","category-fachadas-para-lojas","tag-empresa-de-fachadas-em-acm","tag-fachadas-em-acm","tag-fachadas-em-acm-em-promocao","tag-fachadas-em-acm-em-santana","tag-fachadas-em-acm-em-sao-paulo","tag-fachadas-em-acm-em-sp","tag-fachadas-em-acm-na-freguesia-do-o","tag-fachadas-em-acm-na-vila-gustavo","tag-fachadas-em-acm-na-zona-norte","tag-fachadas-em-acm-no-bom-retiro","tag-fachadas-em-acm-no-parque-novo-mundo","tag-fachadas-em-acm-perto-de-mim","tag-fachadas-em-acm-preco","tag-fachadas-em-acm-proximo-a-mim","tag-onde-encontrar-um-fachadas-em-acm"],"yoast_head":"<!-- This site is optimized with the Yoast SEO plugin v21.9 - https:\/\/yoast.com\/wordpress\/plugins\/seo\/ -->\n<title>Fachadas em ACM: est\u00e9tica para valorizar sua empresa - Blog<\/title>\n<meta name=\"description\" content=\"Fachadas em ACM combinam est\u00e9tica moderna e durabilidade para valorizar lojas e empresas. Descubra seus benef\u00edcios e aplica\u00e7\u00f5es.\" \/>\n<meta name=\"robots\" content=\"index, follow, max-snippet:-1, max-image-preview:large, max-video-preview:-1\" \/>\n<link rel=\"canonical\" href=\"https:\/\/www.luminosossp.com.br\/blog\/fachadas-em-acm-estetica-para-valorizar-sua-empresa\/\" \/>\n<meta property=\"og:locale\" content=\"pt_BR\" \/>\n<meta property=\"og:type\" content=\"article\" \/>\n<meta property=\"og:title\" content=\"Fachadas em ACM: est\u00e9tica para valorizar sua empresa - Blog\" \/>\n<meta property=\"og:description\" content=\"Fachadas em ACM combinam est\u00e9tica moderna e durabilidade para valorizar lojas e empresas. Descubra seus benef\u00edcios e aplica\u00e7\u00f5es.\" \/>\n<meta property=\"og:url\" content=\"https:\/\/www.luminosossp.com.br\/blog\/fachadas-em-acm-estetica-para-valorizar-sua-empresa\/\" \/>\n<meta property=\"og:site_name\" content=\"Blog\" \/>\n<meta property=\"article:published_time\" content=\"2024-04-09T19:31:09+00:00\" \/>\n<meta property=\"article:modified_time\" content=\"2025-05-09T14:43:37+00:00\" \/>\n<meta property=\"og:image\" content=\"https:\/\/www.luminosossp.com.br\/blog\/wp-content\/uploads\/2024\/04\/acm2.webp\" \/>\n\t<meta property=\"og:image:width\" content=\"960\" \/>\n\t<meta property=\"og:image:height\" content=\"540\" \/>\n\t<meta property=\"og:image:type\" content=\"image\/webp\" \/>\n<meta name=\"author\" content=\"admin\" \/>\n<meta name=\"twitter:card\" content=\"summary_large_image\" \/>\n<meta name=\"twitter:label1\" content=\"Escrito por\" \/>\n\t<meta name=\"twitter:data1\" content=\"admin\" \/>\n\t<meta name=\"twitter:label2\" content=\"Est. tempo de leitura\" \/>\n\t<meta name=\"twitter:data2\" content=\"6 minutos\" \/>\n<script type=\"application\/ld+json\" class=\"yoast-schema-graph\">{\"@context\":\"https:\/\/schema.org\",\"@graph\":[{\"@type\":\"Article\",\"@id\":\"https:\/\/www.luminosossp.com.br\/blog\/fachadas-em-acm-estetica-para-valorizar-sua-empresa\/#article\",\"isPartOf\":{\"@id\":\"https:\/\/www.luminosossp.com.br\/blog\/fachadas-em-acm-estetica-para-valorizar-sua-empresa\/\"},\"author\":{\"name\":\"admin\",\"@id\":\"https:\/\/www.luminosossp.com.br\/blog\/#\/schema\/person\/6d0a8f9ebbccf41c1478cada680f3e87\"},\"headline\":\"Fachadas em ACM: est\u00e9tica para valorizar sua empresa\",\"datePublished\":\"2024-04-09T19:31:09+00:00\",\"dateModified\":\"2025-05-09T14:43:37+00:00\",\"mainEntityOfPage\":{\"@id\":\"https:\/\/www.luminosossp.com.br\/blog\/fachadas-em-acm-estetica-para-valorizar-sua-empresa\/\"},\"wordCount\":1101,\"commentCount\":0,\"publisher\":{\"@id\":\"https:\/\/www.luminosossp.com.br\/blog\/#organization\"},\"keywords\":[\"empresa de fachadas em ACM\",\"Fachadas em ACM\",\"fachadas em ACM em promo\u00e7\u00e3o\",\"Fachadas em ACM em Santana\",\"fachadas em ACM em s\u00e3o paulo\",\"fachadas em ACM em sp\",\"Fachadas em ACM na Freguesia do \u00d3\",\"Fachadas em ACM na Vila Gustavo\",\"fachadas em ACM na Zona Norte\",\"Fachadas em ACM no Bom Retiro\",\"Fachadas em ACM no Parque Novo Mundo\",\"fachadas em ACM perto de mim\",\"fachadas em ACM pre\u00e7o\",\"fachadas em ACM pr\u00f3ximo a mim\",\"Onde encontrar um Fachadas em ACM\"],\"articleSection\":[\"Fachadas para lojas\"],\"inLanguage\":\"pt-BR\",\"potentialAction\":[{\"@type\":\"CommentAction\",\"name\":\"Comment\",\"target\":[\"https:\/\/www.luminosossp.com.br\/blog\/fachadas-em-acm-estetica-para-valorizar-sua-empresa\/#respond\"]}]},{\"@type\":\"WebPage\",\"@id\":\"https:\/\/www.luminosossp.com.br\/blog\/fachadas-em-acm-estetica-para-valorizar-sua-empresa\/\",\"url\":\"https:\/\/www.luminosossp.com.br\/blog\/fachadas-em-acm-estetica-para-valorizar-sua-empresa\/\",\"name\":\"Fachadas em ACM: est\u00e9tica para valorizar sua empresa - Blog\",\"isPartOf\":{\"@id\":\"https:\/\/www.luminosossp.com.br\/blog\/#website\"},\"datePublished\":\"2024-04-09T19:31:09+00:00\",\"dateModified\":\"2025-05-09T14:43:37+00:00\",\"description\":\"Fachadas em ACM combinam est\u00e9tica moderna e durabilidade para valorizar lojas e empresas. Descubra seus benef\u00edcios e aplica\u00e7\u00f5es.\",\"breadcrumb\":{\"@id\":\"https:\/\/www.luminosossp.com.br\/blog\/fachadas-em-acm-estetica-para-valorizar-sua-empresa\/#breadcrumb\"},\"inLanguage\":\"pt-BR\",\"potentialAction\":[{\"@type\":\"ReadAction\",\"target\":[\"https:\/\/www.luminosossp.com.br\/blog\/fachadas-em-acm-estetica-para-valorizar-sua-empresa\/\"]}]},{\"@type\":\"BreadcrumbList\",\"@id\":\"https:\/\/www.luminosossp.com.br\/blog\/fachadas-em-acm-estetica-para-valorizar-sua-empresa\/#breadcrumb\",\"itemListElement\":[{\"@type\":\"ListItem\",\"position\":1,\"name\":\"In\u00edcio\",\"item\":\"https:\/\/www.luminosossp.com.br\/blog\/\"},{\"@type\":\"ListItem\",\"position\":2,\"name\":\"Fachadas em ACM: est\u00e9tica para valorizar sua empresa\"}]},{\"@type\":\"WebSite\",\"@id\":\"https:\/\/www.luminosossp.com.br\/blog\/#website\",\"url\":\"https:\/\/www.luminosossp.com.br\/blog\/\",\"name\":\"Blog\",\"description\":\"Luminosossp\",\"publisher\":{\"@id\":\"https:\/\/www.luminosossp.com.br\/blog\/#organization\"},\"potentialAction\":[{\"@type\":\"SearchAction\",\"target\":{\"@type\":\"EntryPoint\",\"urlTemplate\":\"https:\/\/www.luminosossp.com.br\/blog\/?s={search_term_string}\"},\"query-input\":\"required name=search_term_string\"}],\"inLanguage\":\"pt-BR\"},{\"@type\":\"Organization\",\"@id\":\"https:\/\/www.luminosossp.com.br\/blog\/#organization\",\"name\":\"Blog\",\"url\":\"https:\/\/www.luminosossp.com.br\/blog\/\",\"logo\":{\"@type\":\"ImageObject\",\"inLanguage\":\"pt-BR\",\"@id\":\"https:\/\/www.luminosossp.com.br\/blog\/#\/schema\/logo\/image\/\",\"url\":\"https:\/\/www.luminosossp.com.br\/blog\/wp-content\/uploads\/2024\/01\/logo-6.png\",\"contentUrl\":\"https:\/\/www.luminosossp.com.br\/blog\/wp-content\/uploads\/2024\/01\/logo-6.png\",\"width\":150,\"height\":150,\"caption\":\"Blog\"},\"image\":{\"@id\":\"https:\/\/www.luminosossp.com.br\/blog\/#\/schema\/logo\/image\/\"}},{\"@type\":\"Person\",\"@id\":\"https:\/\/www.luminosossp.com.br\/blog\/#\/schema\/person\/6d0a8f9ebbccf41c1478cada680f3e87\",\"name\":\"admin\",\"image\":{\"@type\":\"ImageObject\",\"inLanguage\":\"pt-BR\",\"@id\":\"https:\/\/www.luminosossp.com.br\/blog\/#\/schema\/person\/image\/\",\"url\":\"https:\/\/secure.gravatar.com\/avatar\/94d94992e5dcccff24919365b24c228f2dc818bb6650ab086de97177901f17db?s=96&d=mm&r=g\",\"contentUrl\":\"https:\/\/secure.gravatar.com\/avatar\/94d94992e5dcccff24919365b24c228f2dc818bb6650ab086de97177901f17db?s=96&d=mm&r=g\",\"caption\":\"admin\"},\"sameAs\":[\"https:\/\/luminosossp.com.br\/blog\"],\"url\":\"https:\/\/www.luminosossp.com.br\/blog\/author\/admin\/\"}]}<\/script>\n<!-- \/ Yoast SEO plugin. -->","yoast_head_json":{"title":"Fachadas em ACM: est\u00e9tica para valorizar sua empresa - Blog","description":"Fachadas em ACM combinam est\u00e9tica moderna e durabilidade para valorizar lojas e empresas. Descubra seus benef\u00edcios e aplica\u00e7\u00f5es.","robots":{"index":"index","follow":"follow","max-snippet":"max-snippet:-1","max-image-preview":"max-image-preview:large","max-video-preview":"max-video-preview:-1"},"canonical":"https:\/\/www.luminosossp.com.br\/blog\/fachadas-em-acm-estetica-para-valorizar-sua-empresa\/","og_locale":"pt_BR","og_type":"article","og_title":"Fachadas em ACM: est\u00e9tica para valorizar sua empresa - Blog","og_description":"Fachadas em ACM combinam est\u00e9tica moderna e durabilidade para valorizar lojas e empresas. Descubra seus benef\u00edcios e aplica\u00e7\u00f5es.","og_url":"https:\/\/www.luminosossp.com.br\/blog\/fachadas-em-acm-estetica-para-valorizar-sua-empresa\/","og_site_name":"Blog","article_published_time":"2024-04-09T19:31:09+00:00","article_modified_time":"2025-05-09T14:43:37+00:00","og_image":[{"width":960,"height":540,"url":"https:\/\/www.luminosossp.com.br\/blog\/wp-content\/uploads\/2024\/04\/acm2.webp","type":"image\/webp"}],"author":"admin","twitter_card":"summary_large_image","twitter_misc":{"Escrito por":"admin","Est. tempo de leitura":"6 minutos"},"schema":{"@context":"https:\/\/schema.org","@graph":[{"@type":"Article","@id":"https:\/\/www.luminosossp.com.br\/blog\/fachadas-em-acm-estetica-para-valorizar-sua-empresa\/#article","isPartOf":{"@id":"https:\/\/www.luminosossp.com.br\/blog\/fachadas-em-acm-estetica-para-valorizar-sua-empresa\/"},"author":{"name":"admin","@id":"https:\/\/www.luminosossp.com.br\/blog\/#\/schema\/person\/6d0a8f9ebbccf41c1478cada680f3e87"},"headline":"Fachadas em ACM: est\u00e9tica para valorizar sua empresa","datePublished":"2024-04-09T19:31:09+00:00","dateModified":"2025-05-09T14:43:37+00:00","mainEntityOfPage":{"@id":"https:\/\/www.luminosossp.com.br\/blog\/fachadas-em-acm-estetica-para-valorizar-sua-empresa\/"},"wordCount":1101,"commentCount":0,"publisher":{"@id":"https:\/\/www.luminosossp.com.br\/blog\/#organization"},"keywords":["empresa de fachadas em ACM","Fachadas em ACM","fachadas em ACM em promo\u00e7\u00e3o","Fachadas em ACM em Santana","fachadas em ACM em s\u00e3o paulo","fachadas em ACM em sp","Fachadas em ACM na Freguesia do \u00d3","Fachadas em ACM na Vila Gustavo","fachadas em ACM na Zona Norte","Fachadas em ACM no Bom Retiro","Fachadas em ACM no Parque Novo Mundo","fachadas em ACM perto de mim","fachadas em ACM pre\u00e7o","fachadas em ACM pr\u00f3ximo a mim","Onde encontrar um Fachadas em ACM"],"articleSection":["Fachadas para lojas"],"inLanguage":"pt-BR","potentialAction":[{"@type":"CommentAction","name":"Comment","target":["https:\/\/www.luminosossp.com.br\/blog\/fachadas-em-acm-estetica-para-valorizar-sua-empresa\/#respond"]}]},{"@type":"WebPage","@id":"https:\/\/www.luminosossp.com.br\/blog\/fachadas-em-acm-estetica-para-valorizar-sua-empresa\/","url":"https:\/\/www.luminosossp.com.br\/blog\/fachadas-em-acm-estetica-para-valorizar-sua-empresa\/","name":"Fachadas em ACM: est\u00e9tica para valorizar sua empresa - Blog","isPartOf":{"@id":"https:\/\/www.luminosossp.com.br\/blog\/#website"},"datePublished":"2024-04-09T19:31:09+00:00","dateModified":"2025-05-09T14:43:37+00:00","description":"Fachadas em ACM combinam est\u00e9tica moderna e durabilidade para valorizar lojas e empresas. Descubra seus benef\u00edcios e aplica\u00e7\u00f5es.","breadcrumb":{"@id":"https:\/\/www.luminosossp.com.br\/blog\/fachadas-em-acm-estetica-para-valorizar-sua-empresa\/#breadcrumb"},"inLanguage":"pt-BR","potentialAction":[{"@type":"ReadAction","target":["https:\/\/www.luminosossp.com.br\/blog\/fachadas-em-acm-estetica-para-valorizar-sua-empresa\/"]}]},{"@type":"BreadcrumbList","@id":"https:\/\/www.luminosossp.com.br\/blog\/fachadas-em-acm-estetica-para-valorizar-sua-empresa\/#breadcrumb","itemListElement":[{"@type":"ListItem","position":1,"name":"In\u00edcio","item":"https:\/\/www.luminosossp.com.br\/blog\/"},{"@type":"ListItem","position":2,"name":"Fachadas em ACM: est\u00e9tica para valorizar sua empresa"}]},{"@type":"WebSite","@id":"https:\/\/www.luminosossp.com.br\/blog\/#website","url":"https:\/\/www.luminosossp.com.br\/blog\/","name":"Blog","description":"Luminosossp","publisher":{"@id":"https:\/\/www.luminosossp.com.br\/blog\/#organization"},"potentialAction":[{"@type":"SearchAction","target":{"@type":"EntryPoint","urlTemplate":"https:\/\/www.luminosossp.com.br\/blog\/?s={search_term_string}"},"query-input":"required name=search_term_string"}],"inLanguage":"pt-BR"},{"@type":"Organization","@id":"https:\/\/www.luminosossp.com.br\/blog\/#organization","name":"Blog","url":"https:\/\/www.luminosossp.com.br\/blog\/","logo":{"@type":"ImageObject","inLanguage":"pt-BR","@id":"https:\/\/www.luminosossp.com.br\/blog\/#\/schema\/logo\/image\/","url":"https:\/\/www.luminosossp.com.br\/blog\/wp-content\/uploads\/2024\/01\/logo-6.png","contentUrl":"https:\/\/www.luminosossp.com.br\/blog\/wp-content\/uploads\/2024\/01\/logo-6.png","width":150,"height":150,"caption":"Blog"},"image":{"@id":"https:\/\/www.luminosossp.com.br\/blog\/#\/schema\/logo\/image\/"}},{"@type":"Person","@id":"https:\/\/www.luminosossp.com.br\/blog\/#\/schema\/person\/6d0a8f9ebbccf41c1478cada680f3e87","name":"admin","image":{"@type":"ImageObject","inLanguage":"pt-BR","@id":"https:\/\/www.luminosossp.com.br\/blog\/#\/schema\/person\/image\/","url":"https:\/\/secure.gravatar.com\/avatar\/94d94992e5dcccff24919365b24c228f2dc818bb6650ab086de97177901f17db?s=96&d=mm&r=g","contentUrl":"https:\/\/secure.gravatar.com\/avatar\/94d94992e5dcccff24919365b24c228f2dc818bb6650ab086de97177901f17db?s=96&d=mm&r=g","caption":"admin"},"sameAs":["https:\/\/luminosossp.com.br\/blog"],"url":"https:\/\/www.luminosossp.com.br\/blog\/author\/admin\/"}]}},"_links":{"self":[{"href":"https:\/\/www.luminosossp.com.br\/blog\/wp-json\/wp\/v2\/posts\/64","targetHints":{"allow":["GET"]}}],"collection":[{"href":"https:\/\/www.luminosossp.com.br\/blog\/wp-json\/wp\/v2\/posts"}],"about":[{"href":"https:\/\/www.luminosossp.com.br\/blog\/wp-json\/wp\/v2\/types\/post"}],"author":[{"embeddable":true,"href":"https:\/\/www.luminosossp.com.br\/blog\/wp-json\/wp\/v2\/users\/1"}],"replies":[{"embeddable":true,"href":"https:\/\/www.luminosossp.com.br\/blog\/wp-json\/wp\/v2\/comments?post=64"}],"version-history":[{"count":3,"href":"https:\/\/www.luminosossp.com.br\/blog\/wp-json\/wp\/v2\/posts\/64\/revisions"}],"predecessor-version":[{"id":310,"href":"https:\/\/www.luminosossp.com.br\/blog\/wp-json\/wp\/v2\/posts\/64\/revisions\/310"}],"wp:featuredmedia":[{"embeddable":true,"href":"https:\/\/www.luminosossp.com.br\/blog\/wp-json\/wp\/v2\/media\/65"}],"wp:attachment":[{"href":"https:\/\/www.luminosossp.com.br\/blog\/wp-json\/wp\/v2\/media?parent=64"}],"wp:term":[{"taxonomy":"category","embeddable":true,"href":"https:\/\/www.luminosossp.com.br\/blog\/wp-json\/wp\/v2\/categories?post=64"},{"taxonomy":"post_tag","embeddable":true,"href":"https:\/\/www.luminosossp.com.br\/blog\/wp-json\/wp\/v2\/tags?post=64"}],"curies":[{"name":"wp","href":"https:\/\/api.w.org\/{rel}","templated":true}]}}