{"id":448,"date":"2026-04-27T16:37:14","date_gmt":"2026-04-27T19:37:14","guid":{"rendered":"https:\/\/www.luminosossp.com.br\/blog\/?p=448"},"modified":"2026-04-27T16:37:15","modified_gmt":"2026-04-27T19:37:15","slug":"compare-coberturas-comerciais","status":"publish","type":"post","link":"https:\/\/www.luminosossp.com.br\/blog\/compare-coberturas-comerciais\/","title":{"rendered":"Tipos de coberturas comerciais: qual vale mais a pena?"},"content":{"rendered":"<span class=\"rt-reading-time\" style=\"display: block;\"><span class=\"rt-label rt-prefix\">Tempo de leitura: <\/span> <span class=\"rt-time\">7<\/span> <span class=\"rt-label rt-postfix\">minutos<\/span><\/span>\n<p><strong><em>Compare coberturas comerciais met\u00e1lica, termoac\u00fastica, policarbonato e galvalume e entenda qual op\u00e7\u00e3o faz mais sentido para seu neg\u00f3cio.<\/em><\/strong><\/p>\n\n\n\n<p>Escolher entre os principais tipos de <strong>coberturas comerciais<\/strong> parece simples no or\u00e7amento inicial. Na pr\u00e1tica, \u00e9 uma decis\u00e3o que afeta conforto, manuten\u00e7\u00e3o, est\u00e9tica e at\u00e9 a percep\u00e7\u00e3o que o cliente tem do seu neg\u00f3cio.<\/p>\n\n\n\n<p>Quem administra loja, restaurante, cl\u00ednica, estacionamento ou galp\u00e3o sabe que cobertura ruim custa caro duas vezes. Primeiro na instala\u00e7\u00e3o. Depois em calor excessivo, infiltra\u00e7\u00e3o, ru\u00eddo, desgaste e reforma antes da hora.<\/p>\n\n\n\n<p>\u00c9 por isso que comparar materiais com crit\u00e9rio faz tanta diferen\u00e7a. Quando voc\u00ea entende o que cada op\u00e7\u00e3o entrega, fica muito mais f\u00e1cil investir no que realmente atende sua opera\u00e7\u00e3o.<\/p>\n\n\n\n<div id=\"ez-toc-container\" class=\"ez-toc-v2_0_62 counter-hierarchy ez-toc-counter ez-toc-grey ez-toc-container-direction\">\n<div class=\"ez-toc-title-container\">\n<p class=\"ez-toc-title \" >T&oacute;picos do artigo<\/p>\n<span class=\"ez-toc-title-toggle\"><a href=\"#\" class=\"ez-toc-pull-right ez-toc-btn ez-toc-btn-xs ez-toc-btn-default ez-toc-toggle\" aria-label=\"Toggle Table of Content\"><span class=\"ez-toc-js-icon-con\"><span class=\"\"><span class=\"eztoc-hide\" style=\"display:none;\">Toggle<\/span><span class=\"ez-toc-icon-toggle-span\"><svg style=\"fill: #999;color:#999\" xmlns=\"http:\/\/www.w3.org\/2000\/svg\" class=\"list-377408\" width=\"20px\" height=\"20px\" viewBox=\"0 0 24 24\" fill=\"none\"><path d=\"M6 6H4v2h2V6zm14 0H8v2h12V6zM4 11h2v2H4v-2zm16 0H8v2h12v-2zM4 16h2v2H4v-2zm16 0H8v2h12v-2z\" fill=\"currentColor\"><\/path><\/svg><svg style=\"fill: #999;color:#999\" class=\"arrow-unsorted-368013\" xmlns=\"http:\/\/www.w3.org\/2000\/svg\" width=\"10px\" height=\"10px\" viewBox=\"0 0 24 24\" version=\"1.2\" baseProfile=\"tiny\"><path d=\"M18.2 9.3l-6.2-6.3-6.2 6.3c-.2.2-.3.4-.3.7s.1.5.3.7c.2.2.4.3.7.3h11c.3 0 .5-.1.7-.3.2-.2.3-.5.3-.7s-.1-.5-.3-.7zM5.8 14.7l6.2 6.3 6.2-6.3c.2-.2.3-.5.3-.7s-.1-.5-.3-.7c-.2-.2-.4-.3-.7-.3h-11c-.3 0-.5.1-.7.3-.2.2-.3.5-.3.7s.1.5.3.7z\"\/><\/svg><\/span><\/span><\/span><\/a><\/span><\/div>\n<nav><ul class='ez-toc-list ez-toc-list-level-1 ' ><li class='ez-toc-page-1 ez-toc-heading-level-2'><a class=\"ez-toc-link ez-toc-heading-1\" href=\"https:\/\/www.luminosossp.com.br\/blog\/compare-coberturas-comerciais\/#Por_que_a_escolha_das_coberturas_comerciais_pesa_tanto_na_decisao\" title=\"Por que a escolha das coberturas comerciais pesa tanto na decis\u00e3o\">Por que a escolha das coberturas comerciais pesa tanto na decis\u00e3o<\/a><\/li><li class='ez-toc-page-1 ez-toc-heading-level-2'><a class=\"ez-toc-link ez-toc-heading-2\" href=\"https:\/\/www.luminosossp.com.br\/blog\/compare-coberturas-comerciais\/#Cobertura_metalica_resistencia_e_versatilidade\" title=\"Cobertura met\u00e1lica: resist\u00eancia e versatilidade\">Cobertura met\u00e1lica: resist\u00eancia e versatilidade<\/a><\/li><li class='ez-toc-page-1 ez-toc-heading-level-2'><a class=\"ez-toc-link ez-toc-heading-3\" href=\"https:\/\/www.luminosossp.com.br\/blog\/compare-coberturas-comerciais\/#Cobertura_termoacustica_melhor_para_conforto_e_operacao\" title=\"Cobertura termoac\u00fastica: melhor para conforto e opera\u00e7\u00e3o\">Cobertura termoac\u00fastica: melhor para conforto e opera\u00e7\u00e3o<\/a><ul class='ez-toc-list-level-3' ><li class='ez-toc-heading-level-3'><a class=\"ez-toc-link ez-toc-heading-4\" href=\"https:\/\/www.luminosossp.com.br\/blog\/compare-coberturas-comerciais\/#Quando_a_cobertura_termoacustica_se_destaca_mais\" title=\"Quando a cobertura termoac\u00fastica se destaca mais\">Quando a cobertura termoac\u00fastica se destaca mais<\/a><\/li><\/ul><\/li><li class='ez-toc-page-1 ez-toc-heading-level-2'><a class=\"ez-toc-link ez-toc-heading-5\" href=\"https:\/\/www.luminosossp.com.br\/blog\/compare-coberturas-comerciais\/#Cobertura_de_policarbonato_luz_natural_com_apelo_estetico\" title=\"Cobertura de policarbonato: luz natural com apelo est\u00e9tico\">Cobertura de policarbonato: luz natural com apelo est\u00e9tico<\/a><ul class='ez-toc-list-level-3' ><li class='ez-toc-heading-level-3'><a class=\"ez-toc-link ez-toc-heading-6\" href=\"https:\/\/www.luminosossp.com.br\/blog\/compare-coberturas-comerciais\/#Onde_o_policarbonato_funciona_melhor\" title=\"Onde o policarbonato funciona melhor\">Onde o policarbonato funciona melhor<\/a><\/li><\/ul><\/li><li class='ez-toc-page-1 ez-toc-heading-level-2'><a class=\"ez-toc-link ez-toc-heading-7\" href=\"https:\/\/www.luminosossp.com.br\/blog\/compare-coberturas-comerciais\/#Cobertura_de_galvalume_equilibrio_entre_custo_e_durabilidade\" title=\"Cobertura de galvalume: equil\u00edbrio entre custo e durabilidade\">Cobertura de galvalume: equil\u00edbrio entre custo e durabilidade<\/a><\/li><li class='ez-toc-page-1 ez-toc-heading-level-2'><a class=\"ez-toc-link ez-toc-heading-8\" href=\"https:\/\/www.luminosossp.com.br\/blog\/compare-coberturas-comerciais\/#Coberturas_comerciais_sob_medida_vale_o_investimento\" title=\"Coberturas comerciais sob medida: vale o investimento?\">Coberturas comerciais sob medida: vale o investimento?<\/a><ul class='ez-toc-list-level-3' ><li class='ez-toc-heading-level-3'><a class=\"ez-toc-link ez-toc-heading-9\" href=\"https:\/\/www.luminosossp.com.br\/blog\/compare-coberturas-comerciais\/#O_que_avaliar_antes_de_escolher_entre_as_opcoes\" title=\"O que avaliar antes de escolher entre as op\u00e7\u00f5es\">O que avaliar antes de escolher entre as op\u00e7\u00f5es<\/a><\/li><\/ul><\/li><li class='ez-toc-page-1 ez-toc-heading-level-2'><a class=\"ez-toc-link ez-toc-heading-10\" href=\"https:\/\/www.luminosossp.com.br\/blog\/compare-coberturas-comerciais\/#Coberturas_comerciais_qual_realmente_compensa_no_seu_caso\" title=\"Coberturas comerciais: qual realmente compensa no seu caso\">Coberturas comerciais: qual realmente compensa no seu caso<\/a><\/li><\/ul><\/nav><\/div>\n<h2 class=\"wp-block-heading\"><span class=\"ez-toc-section\" id=\"Por_que_a_escolha_das_coberturas_comerciais_pesa_tanto_na_decisao\"><\/span><strong>Por que a escolha das coberturas comerciais pesa tanto na decis\u00e3o<\/strong><span class=\"ez-toc-section-end\"><\/span><\/h2>\n\n\n\n<p>As <strong>coberturas comerciais<\/strong> n\u00e3o servem apenas para proteger da chuva e do sol. Elas tamb\u00e9m influenciam circula\u00e7\u00e3o, conforto t\u00e9rmico, aproveitamento da \u00e1rea externa e a imagem do ponto comercial. Em muitos casos, fazem parte da fachada e ajudam a valorizar o im\u00f3vel.<\/p>\n\n\n\n<p>Na pr\u00e1tica, uma cobertura mal escolhida pode comprometer a experi\u00eancia de quem entra no local. Um ambiente quente demais, escuro demais ou barulhento demais afasta perman\u00eancia. E isso pesa, principalmente, em neg\u00f3cios que dependem de fluxo e perman\u00eancia do cliente.<\/p>\n\n\n\n<p>Outro ponto importante \u00e9 a durabilidade. Nem sempre a op\u00e7\u00e3o mais barata entrega o melhor custo-benef\u00edcio. <strong>O barato na cobertura pode sair caro na manuten\u00e7\u00e3o<\/strong>, especialmente quando o projeto ignora insola\u00e7\u00e3o, ventila\u00e7\u00e3o, inclina\u00e7\u00e3o e estrutura.<\/p>\n\n\n\n<p>Essa vis\u00e3o mais estrat\u00e9gica faz sentido porque projetos de toldos e coberturas s\u00e3o elementos importantes da composi\u00e7\u00e3o de fachadas comerciais, somando prote\u00e7\u00e3o, valor est\u00e9tico e refor\u00e7o da identidade visual da marca. Tamb\u00e9m podem aumentar o conforto visual e t\u00e9rmico em \u00e1reas externas.<\/p>\n\n\n\n<ul class=\"wp-block-list\">\n<li><a href=\"https:\/\/www.luminosossp.com.br\/blog\/toldo-para-comercio-sob-medida\/\">Toldo para com\u00e9rcio sob medida sem surpresa<\/a><\/li>\n<\/ul>\n\n\n\n<h2 class=\"wp-block-heading\"><span class=\"ez-toc-section\" id=\"Cobertura_metalica_resistencia_e_versatilidade\"><\/span><strong>Cobertura met\u00e1lica: resist\u00eancia e versatilidade<\/strong><span class=\"ez-toc-section-end\"><\/span><\/h2>\n\n\n\n<p>A <strong>cobertura met\u00e1lica<\/strong> \u00e9 uma das op\u00e7\u00f5es mais usadas em projetos comerciais. Isso acontece porque ela entrega boa resist\u00eancia estrutural, instala\u00e7\u00e3o relativamente r\u00e1pida e \u00f3tima adapta\u00e7\u00e3o a diferentes formatos de \u00e1rea. \u00c9 uma escolha comum para lojas, galp\u00f5es, corredores externos e \u00e1reas de carga.<\/p>\n\n\n\n<p>Quando bem executada, a cobertura met\u00e1lica funciona muito bem em espa\u00e7os amplos. Ela suporta bem intemp\u00e9ries, permite grandes v\u00e3os e costuma ter vida \u00fatil interessante. Para neg\u00f3cios que precisam de robustez, essa \u00e9 uma solu\u00e7\u00e3o que costuma entrar forte na compara\u00e7\u00e3o.<\/p>\n\n\n\n<p>O ponto de aten\u00e7\u00e3o est\u00e1 no conforto t\u00e9rmico e ac\u00fastico. Sozinha, a cobertura met\u00e1lica pode aquecer bastante o ambiente e amplificar o barulho da chuva. Em opera\u00e7\u00f5es sens\u00edveis a temperatura ou ru\u00eddo, isso precisa ser tratado no projeto, sen\u00e3o o ganho estrutural vira problema no uso di\u00e1rio.<\/p>\n\n\n\n<p>Por isso, a cobertura met\u00e1lica costuma valer mais a pena quando o foco \u00e9 resist\u00eancia, agilidade e custo inicial controlado. J\u00e1 para ambientes onde o cliente permanece por mais tempo, talvez seja melhor avaliar vers\u00f5es com isolamento ou migrar para solu\u00e7\u00f5es mais confort\u00e1veis.<\/p>\n\n\n\n<h2 class=\"wp-block-heading\"><span class=\"ez-toc-section\" id=\"Cobertura_termoacustica_melhor_para_conforto_e_operacao\"><\/span><strong>Cobertura termoac\u00fastica: melhor para conforto e opera\u00e7\u00e3o<\/strong><span class=\"ez-toc-section-end\"><\/span><\/h2>\n\n\n\n<p>A <strong>cobertura termoac\u00fastica<\/strong> costuma ser uma das melhores escolhas quando o objetivo \u00e9 unir prote\u00e7\u00e3o, conforto e desempenho. Ela \u00e9 muito procurada em restaurantes, cl\u00ednicas, \u00e1reas de atendimento, com\u00e9rcios com grande circula\u00e7\u00e3o e espa\u00e7os onde o calor excessivo prejudica a experi\u00eancia.<\/p>\n\n\n\n<p>Seu principal diferencial est\u00e1 no isolamento. Esse tipo de cobertura ajuda a reduzir a entrada de calor e tamb\u00e9m ameniza ru\u00eddos externos, especialmente em dias de chuva. <strong>Para quem quer um ambiente mais est\u00e1vel e agrad\u00e1vel, ela costuma entregar mais valor no dia a dia.<\/strong><\/p>\n\n\n\n<p>\u00c9 verdade que o investimento inicial costuma ser maior do que em solu\u00e7\u00f5es mais simples. Mesmo assim, em muitos casos, a conta fecha melhor ao longo do tempo. Menos desconforto t\u00e9rmico pode significar menor depend\u00eancia de climatiza\u00e7\u00e3o e mais bem-estar para clientes e equipe.<\/p>\n\n\n\n<p>Na compara\u00e7\u00e3o direta, a cobertura termoac\u00fastica vale muito a pena para opera\u00e7\u00f5es que n\u00e3o podem abrir m\u00e3o de conforto. Se o seu espa\u00e7o recebe p\u00fablico por longos per\u00edodos, essa costuma ser uma escolha mais inteligente do que pensar apenas no menor pre\u00e7o de instala\u00e7\u00e3o.<\/p>\n\n\n\n<ul class=\"wp-block-list\">\n<li><a href=\"https:\/\/www.luminosossp.com.br\/blog\/por-que-escolher-toldos-e-coberturas-para-seu-estabelecimento\/\">Por que escolher toldos e coberturas para seu estabelecimento?<\/a><\/li>\n<\/ul>\n\n\n\n<h3 class=\"wp-block-heading\"><span class=\"ez-toc-section\" id=\"Quando_a_cobertura_termoacustica_se_destaca_mais\"><\/span><strong>Quando a cobertura termoac\u00fastica se destaca mais<\/strong><span class=\"ez-toc-section-end\"><\/span><\/h3>\n\n\n\n<p>Ela ganha for\u00e7a em regi\u00f5es quentes, em fachadas muito expostas ao sol e em neg\u00f3cios que querem aproveitar \u00e1reas externas sem perder qualidade de uso. Restaurantes com mesas externas e recep\u00e7\u00f5es cobertas entram bem nesse cen\u00e1rio.<\/p>\n\n\n\n<p>Tamb\u00e9m \u00e9 uma escolha coerente quando o espa\u00e7o precisa transmitir mais cuidado e profissionalismo. O cliente percebe a diferen\u00e7a quando entra em um ambiente protegido sem abafamento e sem aquele ru\u00eddo excessivo de chuva na estrutura.<\/p>\n\n\n\n<p>Em opera\u00e7\u00f5es internas, o ganho tamb\u00e9m aparece para a equipe. Trabalhar sob uma cobertura mais confort\u00e1vel reduz desgaste ao longo do dia. E isso \u00e9 relevante em empresas que operam por muitas horas ou recebem fluxo constante.<\/p>\n\n\n\n<p>Se a sua d\u00favida est\u00e1 entre economia imediata e efici\u00eancia cont\u00ednua, a cobertura termoac\u00fastica costuma pender para o segundo lado. Ela n\u00e3o \u00e9 a mais barata na largada, mas frequentemente \u00e9 a que entrega melhor equil\u00edbrio no uso real.<\/p>\n\n\n\n<h2 class=\"wp-block-heading\"><span class=\"ez-toc-section\" id=\"Cobertura_de_policarbonato_luz_natural_com_apelo_estetico\"><\/span><strong>Cobertura de policarbonato: luz natural com apelo est\u00e9tico<\/strong><span class=\"ez-toc-section-end\"><\/span><\/h2>\n\n\n\n<p>A <strong>cobertura de policarbonato<\/strong> chama aten\u00e7\u00e3o pela est\u00e9tica e pela passagem de luz natural. Ela \u00e9 muito usada em entradas, corredores, \u00e1reas de circula\u00e7\u00e3o, vitrines, recep\u00e7\u00f5es e projetos que pedem visual mais leve e contempor\u00e2neo.<\/p>\n\n\n\n<p>Esse material funciona bem quando a prioridade \u00e9 iluminar sem deixar a \u00e1rea completamente aberta. Em certos tipos de com\u00e9rcio, isso melhora a sensa\u00e7\u00e3o de espa\u00e7o e ajuda a valorizar a apresenta\u00e7\u00e3o do ambiente. Visualmente, costuma ser uma solu\u00e7\u00e3o bastante atraente.<\/p>\n\n\n\n<p>Mas \u00e9 justamente a\u00ed que mora o cuidado. Dependendo do tipo de placa, da posi\u00e7\u00e3o solar e da cor escolhida, o policarbonato pode aumentar o calor interno. Ent\u00e3o n\u00e3o basta achar bonito. <strong>Cobertura bonita sem desempenho vira arrependimento r\u00e1pido.<\/strong><\/p>\n\n\n\n<p>Na decis\u00e3o, o policarbonato vale mais a pena para espa\u00e7os em que luz natural e est\u00e9tica t\u00eam peso grande, desde que o projeto considere incid\u00eancia solar, ventila\u00e7\u00e3o e qualidade do material. Para \u00e1reas de uso intenso sob sol forte, a escolha precisa ser muito bem calculada.<\/p>\n\n\n\n<ul class=\"wp-block-list\">\n<li><a href=\"https:\/\/www.luminosossp.com.br\/blog\/toldos-e-coberturas-em-sao-paulo-as-melhores-opcoes-para-protecao-e-estetica\/\">Toldos e coberturas em S\u00e3o Paulo: as melhores op\u00e7\u00f5es para prote\u00e7\u00e3o e est\u00e9tica<\/a><\/li>\n<\/ul>\n\n\n\n<h3 class=\"wp-block-heading\"><span class=\"ez-toc-section\" id=\"Onde_o_policarbonato_funciona_melhor\"><\/span><strong>Onde o policarbonato funciona melhor<\/strong><span class=\"ez-toc-section-end\"><\/span><\/h3>\n\n\n\n<p>O policarbonato tende a funcionar melhor em \u00e1reas menores ou intermedi\u00e1rias, como acessos, passagens laterais, entradas de loja e cobertura de vitrines. Nesses casos, ele ajuda a proteger sem fechar visualmente o espa\u00e7o.<\/p>\n\n\n\n<p>Tamb\u00e9m combina com projetos que buscam apar\u00eancia moderna e integra\u00e7\u00e3o com a fachada. Quando a comunica\u00e7\u00e3o visual \u00e9 importante, esse tipo de cobertura pode refor\u00e7ar a identidade do neg\u00f3cio e deixar o ponto mais convidativo.<\/p>\n\n\n\n<p>Por outro lado, em \u00e1reas grandes e muito expostas, o desempenho pode n\u00e3o ser o ideal se o objetivo principal for conforto t\u00e9rmico. A solu\u00e7\u00e3o pode at\u00e9 funcionar, mas precisa de estudo de orienta\u00e7\u00e3o solar e, \u00e0s vezes, combina\u00e7\u00e3o com outros elementos.<\/p>\n\n\n\n<p>Em resumo, o policarbonato \u00e9 uma boa escolha quando a est\u00e9tica tem protagonismo e a aplica\u00e7\u00e3o \u00e9 adequada. Fora desse contexto, vale comparar com mais cautela antes de fechar.<\/p>\n\n\n\n<h2 class=\"wp-block-heading\"><span class=\"ez-toc-section\" id=\"Cobertura_de_galvalume_equilibrio_entre_custo_e_durabilidade\"><\/span><strong>Cobertura de galvalume: equil\u00edbrio entre custo e durabilidade<\/strong><span class=\"ez-toc-section-end\"><\/span><\/h2>\n\n\n\n<p>A <strong>cobertura de galvalume<\/strong> ganhou espa\u00e7o porque combina resist\u00eancia \u00e0 corros\u00e3o com custo competitivo. Para muitos projetos comerciais, ela aparece como meio-termo interessante entre investimento inicial e durabilidade, especialmente em estruturas externas.<\/p>\n\n\n\n<p>O galvalume costuma ter bom desempenho em ambientes expostos e pode ser uma alternativa vantajosa para quem busca cobertura comercial funcional sem elevar demais o or\u00e7amento. Em obras com foco t\u00e9cnico e racionaliza\u00e7\u00e3o de custo, ele entra forte na disputa.<\/p>\n\n\n\n<p>Ainda assim, vale lembrar que galvalume n\u00e3o resolve tudo sozinho. Como acontece com outras coberturas met\u00e1licas, conforto t\u00e9rmico e ac\u00fastico dependem da composi\u00e7\u00e3o do projeto. Em \u00e1reas sens\u00edveis ao calor, esse cuidado \u00e9 indispens\u00e1vel.<\/p>\n\n\n\n<p>Na pr\u00e1tica, a cobertura de galvalume vale mais a pena quando a prioridade est\u00e1 em resist\u00eancia, vida \u00fatil e custo-benef\u00edcio. Para com\u00e9rcios, estacionamentos e \u00e1reas operacionais, costuma ser uma escolha segura, desde que a estrutura seja bem dimensionada.<\/p>\n\n\n\n<ul class=\"wp-block-list\">\n<li><a href=\"https:\/\/www.luminosossp.com.br\/blog\/toldos-e-coberturas-personalizadas-funcionalidade-e-estilo-para-seu-espaco\/\">Toldos e coberturas personalizadas: funcionalidade e estilo para seu espa\u00e7o<\/a><\/li>\n<\/ul>\n\n\n\n<h2 class=\"wp-block-heading\"><span class=\"ez-toc-section\" id=\"Coberturas_comerciais_sob_medida_vale_o_investimento\"><\/span><strong>Coberturas comerciais sob medida: vale o investimento?<\/strong><span class=\"ez-toc-section-end\"><\/span><\/h2>\n\n\n<div class=\"wp-block-image\">\n<figure class=\"alignright size-full is-resized\"><img loading=\"lazy\" decoding=\"async\" width=\"667\" height=\"1000\" src=\"https:\/\/www.luminosossp.com.br\/blog\/wp-content\/uploads\/2026\/04\/447.jpg\" alt=\"Tipos de coberturas comerciais: qual vale mais a pena?\" class=\"wp-image-450\" style=\"width:282px;height:auto\"\/><\/figure>\n<\/div>\n\n\n<p>Na maioria dos casos, sim. <strong>Coberturas comerciais sob medida valem o investimento quando a empresa quer parar de adaptar o neg\u00f3cio ao material e come\u00e7ar a adaptar a solu\u00e7\u00e3o ao uso real do espa\u00e7o.<\/strong> \u00c9 a\u00ed que o projeto muda de n\u00edvel.<\/p>\n\n\n\n<p>Cada opera\u00e7\u00e3o tem uma necessidade diferente. Uma cl\u00ednica precisa de conforto e acabamento. Um restaurante precisa de sombra, est\u00e9tica e boa perman\u00eancia. Um estacionamento exige resist\u00eancia, c\u00e1lculo estrutural e circula\u00e7\u00e3o. Um projeto padr\u00e3o raramente responde bem a tudo isso.<\/p>\n\n\n\n<p>Segundo o material institucional da Luminosos SP, solu\u00e7\u00f5es personalizadas permitem combinar estrutura, materiais, prote\u00e7\u00e3o e composi\u00e7\u00e3o arquitet\u00f4nica da fachada, inclusive com op\u00e7\u00f5es como lona blackout com logomarca, estrutura em alum\u00ednio pintado ou galvanizado, formatos fixos ou retr\u00e1teis e integra\u00e7\u00e3o com ilumina\u00e7\u00e3o e sinaliza\u00e7\u00e3o.<\/p>\n\n\n\n<p>Quando o projeto \u00e9 sob medida, a cobertura deixa de ser apenas um item funcional. Ela passa a refor\u00e7ar a marca, melhorar o uso do espa\u00e7o e reduzir improvisos que custam caro depois. <strong>Investir certo uma vez costuma ser melhor do que corrigir v\u00e1rias vezes.<\/strong><\/p>\n\n\n\n<h3 class=\"wp-block-heading\"><span class=\"ez-toc-section\" id=\"O_que_avaliar_antes_de_escolher_entre_as_opcoes\"><\/span><strong>O que avaliar antes de escolher entre as op\u00e7\u00f5es<\/strong><span class=\"ez-toc-section-end\"><\/span><\/h3>\n\n\n\n<p>Antes de definir entre cobertura met\u00e1lica, termoac\u00fastica, policarbonato ou galvalume, vale olhar para quatro crit\u00e9rios: uso do espa\u00e7o, n\u00edvel de exposi\u00e7\u00e3o ao sol e chuva, tempo de perman\u00eancia das pessoas e objetivo est\u00e9tico da fachada.<\/p>\n\n\n\n<p>Tamb\u00e9m \u00e9 importante pensar na manuten\u00e7\u00e3o. Alguns materiais exigem menos cuidado no longo prazo. Outros pedem mais aten\u00e7\u00e3o com limpeza, veda\u00e7\u00e3o ou controle t\u00e9rmico. Quem ignora isso costuma decidir s\u00f3 pelo pre\u00e7o e descobre o erro depois.<\/p>\n\n\n\n<p>Outro fator decisivo \u00e9 a estrutura dispon\u00edvel. Nem toda cobertura comercial serve para qualquer v\u00e3o, inclina\u00e7\u00e3o ou fachada. Um bom fornecedor analisa essas vari\u00e1veis antes de indicar a solu\u00e7\u00e3o, n\u00e3o depois. Esse detalhe evita retrabalho e melhora muito o resultado final.<\/p>\n\n\n\n<p>Por fim, considere o papel da cobertura no posicionamento da empresa. Em muitos segmentos, a fachada n\u00e3o \u00e9 detalhe. Ela influencia percep\u00e7\u00e3o de valor, profissionalismo e confian\u00e7a. E a cobertura participa disso de forma direta.<\/p>\n\n\n\n<ul class=\"wp-block-list\">\n<li><a href=\"https:\/\/www.luminosossp.com.br\/blog\/como-escolher-o-toldo-personalizado-ideal-para-valorizar-sua-casa-ou-comercio\/\">Como escolher o toldo personalizado ideal para valorizar sua casa ou com\u00e9rcio<\/a><\/li>\n<\/ul>\n\n\n\n<h2 class=\"wp-block-heading\"><span class=\"ez-toc-section\" id=\"Coberturas_comerciais_qual_realmente_compensa_no_seu_caso\"><\/span><strong>Coberturas comerciais: qual realmente compensa no seu caso<\/strong><span class=\"ez-toc-section-end\"><\/span><\/h2>\n\n\n\n<p>Se a sua prioridade \u00e9 robustez e versatilidade, a <strong>cobertura met\u00e1lica<\/strong> continua sendo uma escolha forte. Se o foco est\u00e1 em conforto t\u00e9rmico e ac\u00fastico, a <strong>cobertura termoac\u00fastica<\/strong> tende a entregar o melhor resultado. Para quem valoriza ilumina\u00e7\u00e3o natural e est\u00e9tica, o <strong>policarbonato<\/strong> se destaca. J\u00e1 o <strong>galvalume<\/strong> costuma agradar quem procura equil\u00edbrio entre resist\u00eancia e custo-benef\u00edcio.<\/p>\n\n\n\n<p>N\u00e3o existe uma resposta \u00fanica para todas as empresas. Existe a op\u00e7\u00e3o mais coerente para cada opera\u00e7\u00e3o. E essa decis\u00e3o fica muito mais segura quando voc\u00ea analisa o uso real do espa\u00e7o, em vez de olhar apenas para o menor pre\u00e7o.<\/p>\n\n\n\n<p>No fim, a melhor entre as <strong>coberturas comerciais<\/strong> \u00e9 aquela que resolve sua necessidade hoje sem criar problema amanh\u00e3. \u00c9 essa l\u00f3gica que evita retrabalho, protege o investimento e melhora a experi\u00eancia de quem circula pelo ambiente.<\/p>\n\n\n\n<p>Se a ideia \u00e9 acertar na escolha e ter um projeto alinhado \u00e0 sua fachada, ao seu fluxo e \u00e0 sua marca, o caminho mais inteligente \u00e9 contar com uma avalia\u00e7\u00e3o t\u00e9cnica de verdade.<\/p>\n\n\n\n<p>Quer comparar as melhores op\u00e7\u00f5es de <strong>coberturas comerciais<\/strong> para o seu espa\u00e7o e receber uma solu\u00e7\u00e3o sob medida? <a href=\"https:\/\/www.luminosossp.com.br\/contato\"><strong>Fale com a Luminosos SP e solicite um or\u00e7amento com orienta\u00e7\u00e3o t\u00e9cnica para fachada, \u00e1rea externa, garagem, loja ou ponto comercial.<\/strong><\/a><\/p>\n","protected":false},"excerpt":{"rendered":"<p><span class=\"rt-reading-time\" style=\"display: block;\"><span class=\"rt-label rt-prefix\">Tempo de leitura: <\/span> <span class=\"rt-time\">7<\/span> <span class=\"rt-label rt-postfix\">minutos<\/span><\/span> Compare coberturas comerciais met\u00e1lica, termoac\u00fastica, policarbonato e galvalume e entenda qual op\u00e7\u00e3o faz mais sentido para seu neg\u00f3cio. Escolher entre os principais tipos de coberturas comerciais parece simples no or\u00e7amento inicial. Na pr\u00e1tica, \u00e9 uma decis\u00e3o que afeta conforto, manuten\u00e7\u00e3o, &hellip; <\/p>\n","protected":false},"author":1,"featured_media":449,"comment_status":"open","ping_status":"open","sticky":false,"template":"","format":"standard","meta":{"footnotes":""},"categories":[320,1399],"tags":[3650,3648,3664,3659,3639,3636,3637,3653,3651,3652,2161,3642,3663,3461,3645,3660,3644,3649,3643,3662,3638,3640,3674,3696,3690,3681,3699,3694,3685,3692,3693,3695,3678,3677,3698,3687,3680,3689,3684,3682,3691,3686,3683,3697,3688,3670,3676,3675,3679,3646,3705,3726,3722,3712,3730,3727,3716,3723,3724,3725,3709,3707,3728,3718,3711,3719,3715,3714,3721,3717,3713,3729,3720,3704,3708,3706,3710,3767,3790,3784,3775,3792,3789,3778,3785,3787,3786,3770,3769,3788,3782,3773,3780,3777,3774,3783,3779,3776,3791,3781,3766,3771,3768,3772,3736,3757,3754,3743,3761,3758,3747,3755,3753,3756,3739,3738,3759,3749,3742,3750,3745,3744,3752,3748,3746,3760,3751,3735,3740,3737,3741,3667,3673,3700,3762,3731,3672,3702,3764,3732,3669,3701,3763,3733,3671,3703,3765,3734,3656,3647,3654,3655,3666,3665,3657,3658,3661,3668,3641],"class_list":["post-448","post","type-post","status-publish","format-standard","has-post-thumbnail","hentry","category-toldos-e-coberturas","category-toldos-e-coberturas-personalizadas","tag-cobertura-com-conforto-termico","tag-cobertura-com-estrutura-metalica","tag-cobertura-comercial-ajuda-na-fachada","tag-cobertura-comercial-mais-barata-compensa","tag-cobertura-de-galvalume","tag-cobertura-de-policarbonato-comercial","tag-cobertura-metalica-comercial","tag-cobertura-metalica-ou-termoacustica-qual-escolher","tag-cobertura-para-area-externa-comercial","tag-cobertura-para-clinica","tag-cobertura-para-entrada-de-loja","tag-cobertura-para-estacionamento","tag-cobertura-para-estacionamento-qual-material-usar","tag-cobertura-para-fachada-comercial","tag-cobertura-para-loja","tag-cobertura-para-loja-precisa-de-isolamento-termico","tag-cobertura-para-restaurante","tag-cobertura-resistente-para-comercio","tag-cobertura-sob-medida","tag-cobertura-sob-medida-vale-o-investimento","tag-cobertura-termoacustica-comercial","tag-coberturas-comerciais","tag-coberturas-comerciais-comprar","tag-coberturas-comerciais-em-diadema","tag-coberturas-comerciais-em-guarulhos","tag-coberturas-comerciais-em-lauzane-paulista","tag-coberturas-comerciais-em-maua","tag-coberturas-comerciais-em-osasco","tag-coberturas-comerciais-em-santana","tag-coberturas-comerciais-em-santo-andre","tag-coberturas-comerciais-em-sao-bernardo","tag-coberturas-comerciais-em-sao-caetano","tag-coberturas-comerciais-em-sao-paulo","tag-coberturas-comerciais-em-sp","tag-coberturas-comerciais-na-baixada-santista","tag-coberturas-comerciais-na-cachoeirinha","tag-coberturas-comerciais-na-zona-leste","tag-coberturas-comerciais-na-zona-norte","tag-coberturas-comerciais-na-zona-oeste","tag-coberturas-comerciais-na-zona-sul","tag-coberturas-comerciais-no-abc","tag-coberturas-comerciais-no-centro","tag-coberturas-comerciais-no-imirim","tag-coberturas-comerciais-no-litoral-paulista","tag-coberturas-comerciais-no-tucuruvi","tag-coberturas-comerciais-onde-encontrar","tag-coberturas-comerciais-perto-de-mim","tag-coberturas-comerciais-preco","tag-coberturas-comerciais-proximo-a-mim","tag-coberturas-comerciais-sob-medida","tag-coberturas-para-lojas-comprar","tag-coberturas-para-lojas-em-diadema","tag-coberturas-para-lojas-em-guarulhos","tag-coberturas-para-lojas-em-lauzane-paulista","tag-coberturas-para-lojas-em-maua","tag-coberturas-para-lojas-em-osasco","tag-coberturas-para-lojas-em-santana","tag-coberturas-para-lojas-em-santo-andre","tag-coberturas-para-lojas-em-sao-bernardo","tag-coberturas-para-lojas-em-sao-caetano","tag-coberturas-para-lojas-em-sao-paulo","tag-coberturas-para-lojas-em-sp","tag-coberturas-para-lojas-na-baixada-santista","tag-coberturas-para-lojas-na-cachoeirinha","tag-coberturas-para-lojas-na-zona-leste","tag-coberturas-para-lojas-na-zona-norte","tag-coberturas-para-lojas-na-zona-oeste","tag-coberturas-para-lojas-na-zona-sul","tag-coberturas-para-lojas-no-abc","tag-coberturas-para-lojas-no-centro","tag-coberturas-para-lojas-no-imirim","tag-coberturas-para-lojas-no-litoral-paulista","tag-coberturas-para-lojas-no-tucuruvi","tag-coberturas-para-lojas-onde-encontrar","tag-coberturas-para-lojas-perto-de-mim","tag-coberturas-para-lojas-preco","tag-coberturas-para-lojas-proximo-a-mim","tag-coberturas-personalizada-comprar","tag-coberturas-personalizada-em-diadema","tag-coberturas-personalizada-em-guarulhos","tag-coberturas-personalizada-em-lauzane-paulista","tag-coberturas-personalizada-em-maua","tag-coberturas-personalizada-em-osasco","tag-coberturas-personalizada-em-santana","tag-coberturas-personalizada-em-santo-andre","tag-coberturas-personalizada-em-sao-bernardo","tag-coberturas-personalizada-em-sao-caetano","tag-coberturas-personalizada-em-sao-paulo","tag-coberturas-personalizada-em-sp","tag-coberturas-personalizada-na-baixada-santista","tag-coberturas-personalizada-na-cachoeirinha","tag-coberturas-personalizada-na-zona-leste","tag-coberturas-personalizada-na-zona-norte","tag-coberturas-personalizada-na-zona-oeste","tag-coberturas-personalizada-na-zona-sul","tag-coberturas-personalizada-no-abc","tag-coberturas-personalizada-no-centro","tag-coberturas-personalizada-no-imirim","tag-coberturas-personalizada-no-litoral-paulista","tag-coberturas-personalizada-no-tucuruvi","tag-coberturas-personalizada-onde-encontrar","tag-coberturas-personalizada-perto-de-mim","tag-coberturas-personalizada-preco","tag-coberturas-personalizada-proximo-a-mim","tag-coberturas-sob-medida-para-comercio-comprar","tag-coberturas-sob-medida-para-comercio-em-diadema","tag-coberturas-sob-medida-para-comercio-em-guarulhos","tag-coberturas-sob-medida-para-comercio-em-lauzane-paulista","tag-coberturas-sob-medida-para-comercio-em-maua","tag-coberturas-sob-medida-para-comercio-em-osasco","tag-coberturas-sob-medida-para-comercio-em-santana","tag-coberturas-sob-medida-para-comercio-em-santo-andre","tag-coberturas-sob-medida-para-comercio-em-sao-bernardo","tag-coberturas-sob-medida-para-comercio-em-sao-caetano","tag-coberturas-sob-medida-para-comercio-em-sao-paulo","tag-coberturas-sob-medida-para-comercio-em-sp","tag-coberturas-sob-medida-para-comercio-na-baixada-santista","tag-coberturas-sob-medida-para-comercio-na-cachoeirinha","tag-coberturas-sob-medida-para-comercio-na-zona-leste","tag-coberturas-sob-medida-para-comercio-na-zona-norte","tag-coberturas-sob-medida-para-comercio-na-zona-oeste","tag-coberturas-sob-medida-para-comercio-na-zona-sul","tag-coberturas-sob-medida-para-comercio-no-abc","tag-coberturas-sob-medida-para-comercio-no-centro","tag-coberturas-sob-medida-para-comercio-no-imirim","tag-coberturas-sob-medida-para-comercio-no-litoral-paulista","tag-coberturas-sob-medida-para-comercio-no-tucuruvi","tag-coberturas-sob-medida-para-comercio-onde-encontrar","tag-coberturas-sob-medida-para-comercio-perto-de-mim","tag-coberturas-sob-medida-para-comercio-preco","tag-coberturas-sob-medida-para-comercio-proximo-a-mim","tag-como-escolher-coberturas-comerciais","tag-empresa-de-coberturas-comerciais","tag-empresa-de-coberturas-para-lojas","tag-empresa-de-coberturas-personalizada","tag-empresa-de-coberturas-sob-medida-para-comercio","tag-fabrica-de-coberturas-comerciais","tag-fabrica-de-coberturas-para-lojas","tag-fabrica-de-coberturas-personalizada","tag-fabrica-de-coberturas-sob-medida-para-comercio","tag-fabricante-de-coberturas-comerciais","tag-fabricante-de-coberturas-para-lojas","tag-fabricante-de-coberturas-personalizada","tag-fabricante-de-coberturas-sob-medida-para-comercio","tag-fornecedor-de-coberturas-comerciais","tag-fornecedor-de-coberturas-para-lojas","tag-fornecedor-de-coberturas-personalizada","tag-fornecedor-de-coberturas-sob-medida-para-comercio","tag-galvalume-vale-a-pena-em-cobertura-comercial","tag-melhor-cobertura-comercial","tag-orcamento-de-coberturas-comerciais","tag-policarbonato-esquenta-muito","tag-policarbonato-ou-termoacustica-para-area-externa","tag-qual-a-diferenca-entre-galvalume-e-metalica","tag-qual-a-melhor-cobertura-para-comercio","tag-qual-cobertura-dura-mais","tag-qual-cobertura-usar-em-restaurante","tag-quanto-custa-uma-cobertura-comercial-sob-medida","tag-tipos-de-coberturas-comerciais"],"yoast_head":"<!-- This site is optimized with the Yoast SEO plugin v21.9 - https:\/\/yoast.com\/wordpress\/plugins\/seo\/ -->\n<title>Tipos de coberturas comerciais: qual vale mais a pena? - Blog<\/title>\n<meta name=\"description\" content=\"Compare coberturas comerciais met\u00e1lica, termoac\u00fastica, policarbonato e galvalume e entenda qual op\u00e7\u00e3o faz mais sentido para seu neg\u00f3cio.\" \/>\n<meta name=\"robots\" content=\"index, follow, max-snippet:-1, max-image-preview:large, max-video-preview:-1\" \/>\n<link rel=\"canonical\" href=\"https:\/\/www.luminosossp.com.br\/blog\/compare-coberturas-comerciais\/\" \/>\n<meta property=\"og:locale\" content=\"pt_BR\" \/>\n<meta property=\"og:type\" content=\"article\" \/>\n<meta property=\"og:title\" content=\"Tipos de coberturas comerciais: qual vale mais a pena? - Blog\" \/>\n<meta property=\"og:description\" content=\"Compare coberturas comerciais met\u00e1lica, termoac\u00fastica, policarbonato e galvalume e entenda qual op\u00e7\u00e3o faz mais sentido para seu neg\u00f3cio.\" \/>\n<meta property=\"og:url\" content=\"https:\/\/www.luminosossp.com.br\/blog\/compare-coberturas-comerciais\/\" \/>\n<meta property=\"og:site_name\" content=\"Blog\" \/>\n<meta property=\"article:published_time\" content=\"2026-04-27T19:37:14+00:00\" \/>\n<meta property=\"article:modified_time\" content=\"2026-04-27T19:37:15+00:00\" \/>\n<meta property=\"og:image\" content=\"https:\/\/www.luminosossp.com.br\/blog\/wp-content\/uploads\/2026\/04\/2147985008.jpg\" \/>\n\t<meta property=\"og:image:width\" content=\"1000\" \/>\n\t<meta property=\"og:image:height\" content=\"668\" \/>\n\t<meta property=\"og:image:type\" content=\"image\/jpeg\" \/>\n<meta name=\"author\" content=\"admin\" \/>\n<meta name=\"twitter:card\" content=\"summary_large_image\" \/>\n<meta name=\"twitter:label1\" content=\"Escrito por\" \/>\n\t<meta name=\"twitter:data1\" content=\"admin\" \/>\n\t<meta name=\"twitter:label2\" content=\"Est. tempo de leitura\" \/>\n\t<meta name=\"twitter:data2\" content=\"11 minutos\" \/>\n<script type=\"application\/ld+json\" class=\"yoast-schema-graph\">{\"@context\":\"https:\/\/schema.org\",\"@graph\":[{\"@type\":\"Article\",\"@id\":\"https:\/\/www.luminosossp.com.br\/blog\/compare-coberturas-comerciais\/#article\",\"isPartOf\":{\"@id\":\"https:\/\/www.luminosossp.com.br\/blog\/compare-coberturas-comerciais\/\"},\"author\":{\"name\":\"admin\",\"@id\":\"https:\/\/www.luminosossp.com.br\/blog\/#\/schema\/person\/6d0a8f9ebbccf41c1478cada680f3e87\"},\"headline\":\"Tipos de coberturas comerciais: qual vale mais a pena?\",\"datePublished\":\"2026-04-27T19:37:14+00:00\",\"dateModified\":\"2026-04-27T19:37:15+00:00\",\"mainEntityOfPage\":{\"@id\":\"https:\/\/www.luminosossp.com.br\/blog\/compare-coberturas-comerciais\/\"},\"wordCount\":2098,\"commentCount\":0,\"publisher\":{\"@id\":\"https:\/\/www.luminosossp.com.br\/blog\/#organization\"},\"keywords\":[\"cobertura com conforto t\u00e9rmico\",\"cobertura com estrutura met\u00e1lica\",\"cobertura comercial ajuda na fachada\",\"cobertura comercial mais barata compensa\",\"cobertura de galvalume\",\"cobertura de policarbonato comercial\",\"cobertura met\u00e1lica comercial\",\"cobertura met\u00e1lica ou termoac\u00fastica qual escolher\",\"cobertura para \u00e1rea externa comercial\",\"cobertura para cl\u00ednica\",\"cobertura para entrada de loja\",\"cobertura para estacionamento\",\"cobertura para estacionamento qual material usar\",\"cobertura para fachada comercial\",\"cobertura para loja\",\"cobertura para loja precisa de isolamento t\u00e9rmico\",\"cobertura para restaurante\",\"cobertura resistente para com\u00e9rcio\",\"cobertura sob medida\",\"cobertura sob medida vale o investimento\",\"cobertura termoac\u00fastica comercial\",\"coberturas comerciais\",\"coberturas comerciais comprar\",\"coberturas comerciais em Diadema\",\"coberturas comerciais em Guarulhos\",\"coberturas comerciais em Lauzane Paulista\",\"coberturas comerciais em Mau\u00e1\",\"coberturas comerciais em Osasco\",\"coberturas comerciais em Santana\",\"coberturas comerciais em Santo Andr\u00e9\",\"coberturas comerciais em S\u00e3o Bernardo\",\"coberturas comerciais em S\u00e3o Caetano\",\"coberturas comerciais em s\u00e3o paulo\",\"coberturas comerciais em sp\",\"coberturas comerciais na baixada santista\",\"coberturas comerciais na Cachoeirinha\",\"coberturas comerciais na zona leste\",\"coberturas comerciais na zona norte\",\"coberturas comerciais na zona oeste\",\"coberturas comerciais na zona sul\",\"coberturas comerciais no ABC\",\"coberturas comerciais no centro\",\"coberturas comerciais no Imirim\",\"coberturas comerciais no litoral paulista\",\"coberturas comerciais no Tucuruvi\",\"coberturas comerciais onde encontrar\",\"coberturas comerciais perto de mim\",\"coberturas comerciais pre\u00e7o\",\"coberturas comerciais pr\u00f3ximo a mim\",\"coberturas comerciais sob medida\",\"coberturas para lojas comprar\",\"coberturas para lojas em Diadema\",\"coberturas para lojas em Guarulhos\",\"coberturas para lojas em Lauzane Paulista\",\"coberturas para lojas em Mau\u00e1\",\"coberturas para lojas em Osasco\",\"coberturas para lojas em Santana\",\"coberturas para lojas em Santo Andr\u00e9\",\"coberturas para lojas em S\u00e3o Bernardo\",\"coberturas para lojas em S\u00e3o Caetano\",\"coberturas para lojas em s\u00e3o paulo\",\"coberturas para lojas em sp\",\"coberturas para lojas na baixada santista\",\"coberturas para lojas na Cachoeirinha\",\"coberturas para lojas na zona leste\",\"coberturas para lojas na zona norte\",\"coberturas para lojas na zona oeste\",\"coberturas para lojas na zona sul\",\"coberturas para lojas no ABC\",\"coberturas para lojas no centro\",\"coberturas para lojas no Imirim\",\"coberturas para lojas no litoral paulista\",\"coberturas para lojas no Tucuruvi\",\"coberturas para lojas onde encontrar\",\"coberturas para lojas perto de mim\",\"coberturas para lojas pre\u00e7o\",\"coberturas para lojas pr\u00f3ximo a mim\",\"coberturas personalizada comprar\",\"coberturas personalizada em Diadema\",\"coberturas personalizada em Guarulhos\",\"coberturas personalizada em Lauzane Paulista\",\"coberturas personalizada em Mau\u00e1\",\"coberturas personalizada em Osasco\",\"coberturas personalizada em Santana\",\"coberturas personalizada em Santo Andr\u00e9\",\"coberturas personalizada em S\u00e3o Bernardo\",\"coberturas personalizada em S\u00e3o Caetano\",\"coberturas personalizada em s\u00e3o paulo\",\"coberturas personalizada em sp\",\"coberturas personalizada na baixada santista\",\"coberturas personalizada na Cachoeirinha\",\"coberturas personalizada na zona leste\",\"coberturas personalizada na zona norte\",\"coberturas personalizada na zona oeste\",\"coberturas personalizada na zona sul\",\"coberturas personalizada no ABC\",\"coberturas personalizada no centro\",\"coberturas personalizada no Imirim\",\"coberturas personalizada no litoral paulista\",\"coberturas personalizada no Tucuruvi\",\"coberturas personalizada onde encontrar\",\"coberturas personalizada perto de mim\",\"coberturas personalizada pre\u00e7o\",\"coberturas personalizada pr\u00f3ximo a mim\",\"coberturas sob medida para com\u00e9rcio comprar\",\"coberturas sob medida para com\u00e9rcio em Diadema\",\"coberturas sob medida para com\u00e9rcio em Guarulhos\",\"coberturas sob medida para com\u00e9rcio em Lauzane Paulista\",\"coberturas sob medida para com\u00e9rcio em Mau\u00e1\",\"coberturas sob medida para com\u00e9rcio em Osasco\",\"coberturas sob medida para com\u00e9rcio em Santana\",\"coberturas sob medida para com\u00e9rcio em Santo Andr\u00e9\",\"coberturas sob medida para com\u00e9rcio em S\u00e3o Bernardo\",\"coberturas sob medida para com\u00e9rcio em S\u00e3o Caetano\",\"coberturas sob medida para com\u00e9rcio em s\u00e3o paulo\",\"coberturas sob medida para com\u00e9rcio em sp\",\"coberturas sob medida para com\u00e9rcio na baixada santista\",\"coberturas sob medida para com\u00e9rcio na Cachoeirinha\",\"coberturas sob medida para com\u00e9rcio na zona leste\",\"coberturas sob medida para com\u00e9rcio na zona norte\",\"coberturas sob medida para com\u00e9rcio na zona oeste\",\"coberturas sob medida para com\u00e9rcio na zona sul\",\"coberturas sob medida para com\u00e9rcio no ABC\",\"coberturas sob medida para com\u00e9rcio no centro\",\"coberturas sob medida para com\u00e9rcio no Imirim\",\"coberturas sob medida para com\u00e9rcio no litoral paulista\",\"coberturas sob medida para com\u00e9rcio no Tucuruvi\",\"coberturas sob medida para com\u00e9rcio onde encontrar\",\"coberturas sob medida para com\u00e9rcio perto de mim\",\"coberturas sob medida para com\u00e9rcio pre\u00e7o\",\"coberturas sob medida para com\u00e9rcio pr\u00f3ximo a mim\",\"como escolher coberturas comerciais\",\"empresa de coberturas comerciais\",\"empresa de coberturas para lojas\",\"empresa de coberturas personalizada\",\"empresa de coberturas sob medida para com\u00e9rcio\",\"f\u00e1brica de coberturas comerciais\",\"f\u00e1brica de coberturas para lojas\",\"f\u00e1brica de coberturas personalizada\",\"f\u00e1brica de coberturas sob medida para com\u00e9rcio\",\"fabricante de coberturas comerciais\",\"fabricante de coberturas para lojas\",\"fabricante de coberturas personalizada\",\"fabricante de coberturas sob medida para com\u00e9rcio\",\"fornecedor de coberturas comerciais\",\"fornecedor de coberturas para lojas\",\"fornecedor de coberturas personalizada\",\"fornecedor de coberturas sob medida para com\u00e9rcio\",\"galvalume vale a pena em cobertura comercial\",\"melhor cobertura comercial\",\"or\u00e7amento de coberturas comerciais\",\"policarbonato esquenta muito\",\"policarbonato ou termoac\u00fastica para \u00e1rea externa\",\"qual a diferen\u00e7a entre galvalume e met\u00e1lica\",\"qual a melhor cobertura para com\u00e9rcio\",\"qual cobertura dura mais\",\"qual cobertura usar em restaurante\",\"quanto custa uma cobertura comercial sob medida\",\"tipos de coberturas comerciais\"],\"articleSection\":[\"Toldos e coberturas\",\"Toldos e coberturas personalizadas\"],\"inLanguage\":\"pt-BR\",\"potentialAction\":[{\"@type\":\"CommentAction\",\"name\":\"Comment\",\"target\":[\"https:\/\/www.luminosossp.com.br\/blog\/compare-coberturas-comerciais\/#respond\"]}]},{\"@type\":\"WebPage\",\"@id\":\"https:\/\/www.luminosossp.com.br\/blog\/compare-coberturas-comerciais\/\",\"url\":\"https:\/\/www.luminosossp.com.br\/blog\/compare-coberturas-comerciais\/\",\"name\":\"Tipos de coberturas comerciais: qual vale mais a pena? - Blog\",\"isPartOf\":{\"@id\":\"https:\/\/www.luminosossp.com.br\/blog\/#website\"},\"datePublished\":\"2026-04-27T19:37:14+00:00\",\"dateModified\":\"2026-04-27T19:37:15+00:00\",\"description\":\"Compare coberturas comerciais met\u00e1lica, termoac\u00fastica, policarbonato e galvalume e entenda qual op\u00e7\u00e3o faz mais sentido para seu neg\u00f3cio.\",\"breadcrumb\":{\"@id\":\"https:\/\/www.luminosossp.com.br\/blog\/compare-coberturas-comerciais\/#breadcrumb\"},\"inLanguage\":\"pt-BR\",\"potentialAction\":[{\"@type\":\"ReadAction\",\"target\":[\"https:\/\/www.luminosossp.com.br\/blog\/compare-coberturas-comerciais\/\"]}]},{\"@type\":\"BreadcrumbList\",\"@id\":\"https:\/\/www.luminosossp.com.br\/blog\/compare-coberturas-comerciais\/#breadcrumb\",\"itemListElement\":[{\"@type\":\"ListItem\",\"position\":1,\"name\":\"In\u00edcio\",\"item\":\"https:\/\/www.luminosossp.com.br\/blog\/\"},{\"@type\":\"ListItem\",\"position\":2,\"name\":\"Tipos de coberturas comerciais: qual vale mais a pena?\"}]},{\"@type\":\"WebSite\",\"@id\":\"https:\/\/www.luminosossp.com.br\/blog\/#website\",\"url\":\"https:\/\/www.luminosossp.com.br\/blog\/\",\"name\":\"Blog\",\"description\":\"Luminosossp\",\"publisher\":{\"@id\":\"https:\/\/www.luminosossp.com.br\/blog\/#organization\"},\"potentialAction\":[{\"@type\":\"SearchAction\",\"target\":{\"@type\":\"EntryPoint\",\"urlTemplate\":\"https:\/\/www.luminosossp.com.br\/blog\/?s={search_term_string}\"},\"query-input\":\"required name=search_term_string\"}],\"inLanguage\":\"pt-BR\"},{\"@type\":\"Organization\",\"@id\":\"https:\/\/www.luminosossp.com.br\/blog\/#organization\",\"name\":\"Blog\",\"url\":\"https:\/\/www.luminosossp.com.br\/blog\/\",\"logo\":{\"@type\":\"ImageObject\",\"inLanguage\":\"pt-BR\",\"@id\":\"https:\/\/www.luminosossp.com.br\/blog\/#\/schema\/logo\/image\/\",\"url\":\"https:\/\/www.luminosossp.com.br\/blog\/wp-content\/uploads\/2024\/01\/logo-6.png\",\"contentUrl\":\"https:\/\/www.luminosossp.com.br\/blog\/wp-content\/uploads\/2024\/01\/logo-6.png\",\"width\":150,\"height\":150,\"caption\":\"Blog\"},\"image\":{\"@id\":\"https:\/\/www.luminosossp.com.br\/blog\/#\/schema\/logo\/image\/\"}},{\"@type\":\"Person\",\"@id\":\"https:\/\/www.luminosossp.com.br\/blog\/#\/schema\/person\/6d0a8f9ebbccf41c1478cada680f3e87\",\"name\":\"admin\",\"image\":{\"@type\":\"ImageObject\",\"inLanguage\":\"pt-BR\",\"@id\":\"https:\/\/www.luminosossp.com.br\/blog\/#\/schema\/person\/image\/\",\"url\":\"https:\/\/secure.gravatar.com\/avatar\/94d94992e5dcccff24919365b24c228f2dc818bb6650ab086de97177901f17db?s=96&d=mm&r=g\",\"contentUrl\":\"https:\/\/secure.gravatar.com\/avatar\/94d94992e5dcccff24919365b24c228f2dc818bb6650ab086de97177901f17db?s=96&d=mm&r=g\",\"caption\":\"admin\"},\"sameAs\":[\"https:\/\/luminosossp.com.br\/blog\"],\"url\":\"https:\/\/www.luminosossp.com.br\/blog\/author\/admin\/\"}]}<\/script>\n<!-- \/ Yoast SEO plugin. -->","yoast_head_json":{"title":"Tipos de coberturas comerciais: qual vale mais a pena? - Blog","description":"Compare coberturas comerciais met\u00e1lica, termoac\u00fastica, policarbonato e galvalume e entenda qual op\u00e7\u00e3o faz mais sentido para seu neg\u00f3cio.","robots":{"index":"index","follow":"follow","max-snippet":"max-snippet:-1","max-image-preview":"max-image-preview:large","max-video-preview":"max-video-preview:-1"},"canonical":"https:\/\/www.luminosossp.com.br\/blog\/compare-coberturas-comerciais\/","og_locale":"pt_BR","og_type":"article","og_title":"Tipos de coberturas comerciais: qual vale mais a pena? - Blog","og_description":"Compare coberturas comerciais met\u00e1lica, termoac\u00fastica, policarbonato e galvalume e entenda qual op\u00e7\u00e3o faz mais sentido para seu neg\u00f3cio.","og_url":"https:\/\/www.luminosossp.com.br\/blog\/compare-coberturas-comerciais\/","og_site_name":"Blog","article_published_time":"2026-04-27T19:37:14+00:00","article_modified_time":"2026-04-27T19:37:15+00:00","og_image":[{"width":1000,"height":668,"url":"https:\/\/www.luminosossp.com.br\/blog\/wp-content\/uploads\/2026\/04\/2147985008.jpg","type":"image\/jpeg"}],"author":"admin","twitter_card":"summary_large_image","twitter_misc":{"Escrito por":"admin","Est. tempo de leitura":"11 minutos"},"schema":{"@context":"https:\/\/schema.org","@graph":[{"@type":"Article","@id":"https:\/\/www.luminosossp.com.br\/blog\/compare-coberturas-comerciais\/#article","isPartOf":{"@id":"https:\/\/www.luminosossp.com.br\/blog\/compare-coberturas-comerciais\/"},"author":{"name":"admin","@id":"https:\/\/www.luminosossp.com.br\/blog\/#\/schema\/person\/6d0a8f9ebbccf41c1478cada680f3e87"},"headline":"Tipos de coberturas comerciais: qual vale mais a pena?","datePublished":"2026-04-27T19:37:14+00:00","dateModified":"2026-04-27T19:37:15+00:00","mainEntityOfPage":{"@id":"https:\/\/www.luminosossp.com.br\/blog\/compare-coberturas-comerciais\/"},"wordCount":2098,"commentCount":0,"publisher":{"@id":"https:\/\/www.luminosossp.com.br\/blog\/#organization"},"keywords":["cobertura com conforto t\u00e9rmico","cobertura com estrutura met\u00e1lica","cobertura comercial ajuda na fachada","cobertura comercial mais barata compensa","cobertura de galvalume","cobertura de policarbonato comercial","cobertura met\u00e1lica comercial","cobertura met\u00e1lica ou termoac\u00fastica qual escolher","cobertura para \u00e1rea externa comercial","cobertura para cl\u00ednica","cobertura para entrada de loja","cobertura para estacionamento","cobertura para estacionamento qual material usar","cobertura para fachada comercial","cobertura para loja","cobertura para loja precisa de isolamento t\u00e9rmico","cobertura para restaurante","cobertura resistente para com\u00e9rcio","cobertura sob medida","cobertura sob medida vale o investimento","cobertura termoac\u00fastica comercial","coberturas comerciais","coberturas comerciais comprar","coberturas comerciais em Diadema","coberturas comerciais em Guarulhos","coberturas comerciais em Lauzane Paulista","coberturas comerciais em Mau\u00e1","coberturas comerciais em Osasco","coberturas comerciais em Santana","coberturas comerciais em Santo Andr\u00e9","coberturas comerciais em S\u00e3o Bernardo","coberturas comerciais em S\u00e3o Caetano","coberturas comerciais em s\u00e3o paulo","coberturas comerciais em sp","coberturas comerciais na baixada santista","coberturas comerciais na Cachoeirinha","coberturas comerciais na zona leste","coberturas comerciais na zona norte","coberturas comerciais na zona oeste","coberturas comerciais na zona sul","coberturas comerciais no ABC","coberturas comerciais no centro","coberturas comerciais no Imirim","coberturas comerciais no litoral paulista","coberturas comerciais no Tucuruvi","coberturas comerciais onde encontrar","coberturas comerciais perto de mim","coberturas comerciais pre\u00e7o","coberturas comerciais pr\u00f3ximo a mim","coberturas comerciais sob medida","coberturas para lojas comprar","coberturas para lojas em Diadema","coberturas para lojas em Guarulhos","coberturas para lojas em Lauzane Paulista","coberturas para lojas em Mau\u00e1","coberturas para lojas em Osasco","coberturas para lojas em Santana","coberturas para lojas em Santo Andr\u00e9","coberturas para lojas em S\u00e3o Bernardo","coberturas para lojas em S\u00e3o Caetano","coberturas para lojas em s\u00e3o paulo","coberturas para lojas em sp","coberturas para lojas na baixada santista","coberturas para lojas na Cachoeirinha","coberturas para lojas na zona leste","coberturas para lojas na zona norte","coberturas para lojas na zona oeste","coberturas para lojas na zona sul","coberturas para lojas no ABC","coberturas para lojas no centro","coberturas para lojas no Imirim","coberturas para lojas no litoral paulista","coberturas para lojas no Tucuruvi","coberturas para lojas onde encontrar","coberturas para lojas perto de mim","coberturas para lojas pre\u00e7o","coberturas para lojas pr\u00f3ximo a mim","coberturas personalizada comprar","coberturas personalizada em Diadema","coberturas personalizada em Guarulhos","coberturas personalizada em Lauzane Paulista","coberturas personalizada em Mau\u00e1","coberturas personalizada em Osasco","coberturas personalizada em Santana","coberturas personalizada em Santo Andr\u00e9","coberturas personalizada em S\u00e3o Bernardo","coberturas personalizada em S\u00e3o Caetano","coberturas personalizada em s\u00e3o paulo","coberturas personalizada em sp","coberturas personalizada na baixada santista","coberturas personalizada na Cachoeirinha","coberturas personalizada na zona leste","coberturas personalizada na zona norte","coberturas personalizada na zona oeste","coberturas personalizada na zona sul","coberturas personalizada no ABC","coberturas personalizada no centro","coberturas personalizada no Imirim","coberturas personalizada no litoral paulista","coberturas personalizada no Tucuruvi","coberturas personalizada onde encontrar","coberturas personalizada perto de mim","coberturas personalizada pre\u00e7o","coberturas personalizada pr\u00f3ximo a mim","coberturas sob medida para com\u00e9rcio comprar","coberturas sob medida para com\u00e9rcio em Diadema","coberturas sob medida para com\u00e9rcio em Guarulhos","coberturas sob medida para com\u00e9rcio em Lauzane Paulista","coberturas sob medida para com\u00e9rcio em Mau\u00e1","coberturas sob medida para com\u00e9rcio em Osasco","coberturas sob medida para com\u00e9rcio em Santana","coberturas sob medida para com\u00e9rcio em Santo Andr\u00e9","coberturas sob medida para com\u00e9rcio em S\u00e3o Bernardo","coberturas sob medida para com\u00e9rcio em S\u00e3o Caetano","coberturas sob medida para com\u00e9rcio em s\u00e3o paulo","coberturas sob medida para com\u00e9rcio em sp","coberturas sob medida para com\u00e9rcio na baixada santista","coberturas sob medida para com\u00e9rcio na Cachoeirinha","coberturas sob medida para com\u00e9rcio na zona leste","coberturas sob medida para com\u00e9rcio na zona norte","coberturas sob medida para com\u00e9rcio na zona oeste","coberturas sob medida para com\u00e9rcio na zona sul","coberturas sob medida para com\u00e9rcio no ABC","coberturas sob medida para com\u00e9rcio no centro","coberturas sob medida para com\u00e9rcio no Imirim","coberturas sob medida para com\u00e9rcio no litoral paulista","coberturas sob medida para com\u00e9rcio no Tucuruvi","coberturas sob medida para com\u00e9rcio onde encontrar","coberturas sob medida para com\u00e9rcio perto de mim","coberturas sob medida para com\u00e9rcio pre\u00e7o","coberturas sob medida para com\u00e9rcio pr\u00f3ximo a mim","como escolher coberturas comerciais","empresa de coberturas comerciais","empresa de coberturas para lojas","empresa de coberturas personalizada","empresa de coberturas sob medida para com\u00e9rcio","f\u00e1brica de coberturas comerciais","f\u00e1brica de coberturas para lojas","f\u00e1brica de coberturas personalizada","f\u00e1brica de coberturas sob medida para com\u00e9rcio","fabricante de coberturas comerciais","fabricante de coberturas para lojas","fabricante de coberturas personalizada","fabricante de coberturas sob medida para com\u00e9rcio","fornecedor de coberturas comerciais","fornecedor de coberturas para lojas","fornecedor de coberturas personalizada","fornecedor de coberturas sob medida para com\u00e9rcio","galvalume vale a pena em cobertura comercial","melhor cobertura comercial","or\u00e7amento de coberturas comerciais","policarbonato esquenta muito","policarbonato ou termoac\u00fastica para \u00e1rea externa","qual a diferen\u00e7a entre galvalume e met\u00e1lica","qual a melhor cobertura para com\u00e9rcio","qual cobertura dura mais","qual cobertura usar em restaurante","quanto custa uma cobertura comercial sob medida","tipos de coberturas comerciais"],"articleSection":["Toldos e coberturas","Toldos e coberturas personalizadas"],"inLanguage":"pt-BR","potentialAction":[{"@type":"CommentAction","name":"Comment","target":["https:\/\/www.luminosossp.com.br\/blog\/compare-coberturas-comerciais\/#respond"]}]},{"@type":"WebPage","@id":"https:\/\/www.luminosossp.com.br\/blog\/compare-coberturas-comerciais\/","url":"https:\/\/www.luminosossp.com.br\/blog\/compare-coberturas-comerciais\/","name":"Tipos de coberturas comerciais: qual vale mais a pena? - Blog","isPartOf":{"@id":"https:\/\/www.luminosossp.com.br\/blog\/#website"},"datePublished":"2026-04-27T19:37:14+00:00","dateModified":"2026-04-27T19:37:15+00:00","description":"Compare coberturas comerciais met\u00e1lica, termoac\u00fastica, policarbonato e galvalume e entenda qual op\u00e7\u00e3o faz mais sentido para seu neg\u00f3cio.","breadcrumb":{"@id":"https:\/\/www.luminosossp.com.br\/blog\/compare-coberturas-comerciais\/#breadcrumb"},"inLanguage":"pt-BR","potentialAction":[{"@type":"ReadAction","target":["https:\/\/www.luminosossp.com.br\/blog\/compare-coberturas-comerciais\/"]}]},{"@type":"BreadcrumbList","@id":"https:\/\/www.luminosossp.com.br\/blog\/compare-coberturas-comerciais\/#breadcrumb","itemListElement":[{"@type":"ListItem","position":1,"name":"In\u00edcio","item":"https:\/\/www.luminosossp.com.br\/blog\/"},{"@type":"ListItem","position":2,"name":"Tipos de coberturas comerciais: qual vale mais a pena?"}]},{"@type":"WebSite","@id":"https:\/\/www.luminosossp.com.br\/blog\/#website","url":"https:\/\/www.luminosossp.com.br\/blog\/","name":"Blog","description":"Luminosossp","publisher":{"@id":"https:\/\/www.luminosossp.com.br\/blog\/#organization"},"potentialAction":[{"@type":"SearchAction","target":{"@type":"EntryPoint","urlTemplate":"https:\/\/www.luminosossp.com.br\/blog\/?s={search_term_string}"},"query-input":"required name=search_term_string"}],"inLanguage":"pt-BR"},{"@type":"Organization","@id":"https:\/\/www.luminosossp.com.br\/blog\/#organization","name":"Blog","url":"https:\/\/www.luminosossp.com.br\/blog\/","logo":{"@type":"ImageObject","inLanguage":"pt-BR","@id":"https:\/\/www.luminosossp.com.br\/blog\/#\/schema\/logo\/image\/","url":"https:\/\/www.luminosossp.com.br\/blog\/wp-content\/uploads\/2024\/01\/logo-6.png","contentUrl":"https:\/\/www.luminosossp.com.br\/blog\/wp-content\/uploads\/2024\/01\/logo-6.png","width":150,"height":150,"caption":"Blog"},"image":{"@id":"https:\/\/www.luminosossp.com.br\/blog\/#\/schema\/logo\/image\/"}},{"@type":"Person","@id":"https:\/\/www.luminosossp.com.br\/blog\/#\/schema\/person\/6d0a8f9ebbccf41c1478cada680f3e87","name":"admin","image":{"@type":"ImageObject","inLanguage":"pt-BR","@id":"https:\/\/www.luminosossp.com.br\/blog\/#\/schema\/person\/image\/","url":"https:\/\/secure.gravatar.com\/avatar\/94d94992e5dcccff24919365b24c228f2dc818bb6650ab086de97177901f17db?s=96&d=mm&r=g","contentUrl":"https:\/\/secure.gravatar.com\/avatar\/94d94992e5dcccff24919365b24c228f2dc818bb6650ab086de97177901f17db?s=96&d=mm&r=g","caption":"admin"},"sameAs":["https:\/\/luminosossp.com.br\/blog"],"url":"https:\/\/www.luminosossp.com.br\/blog\/author\/admin\/"}]}},"_links":{"self":[{"href":"https:\/\/www.luminosossp.com.br\/blog\/wp-json\/wp\/v2\/posts\/448","targetHints":{"allow":["GET"]}}],"collection":[{"href":"https:\/\/www.luminosossp.com.br\/blog\/wp-json\/wp\/v2\/posts"}],"about":[{"href":"https:\/\/www.luminosossp.com.br\/blog\/wp-json\/wp\/v2\/types\/post"}],"author":[{"embeddable":true,"href":"https:\/\/www.luminosossp.com.br\/blog\/wp-json\/wp\/v2\/users\/1"}],"replies":[{"embeddable":true,"href":"https:\/\/www.luminosossp.com.br\/blog\/wp-json\/wp\/v2\/comments?post=448"}],"version-history":[{"count":1,"href":"https:\/\/www.luminosossp.com.br\/blog\/wp-json\/wp\/v2\/posts\/448\/revisions"}],"predecessor-version":[{"id":451,"href":"https:\/\/www.luminosossp.com.br\/blog\/wp-json\/wp\/v2\/posts\/448\/revisions\/451"}],"wp:featuredmedia":[{"embeddable":true,"href":"https:\/\/www.luminosossp.com.br\/blog\/wp-json\/wp\/v2\/media\/449"}],"wp:attachment":[{"href":"https:\/\/www.luminosossp.com.br\/blog\/wp-json\/wp\/v2\/media?parent=448"}],"wp:term":[{"taxonomy":"category","embeddable":true,"href":"https:\/\/www.luminosossp.com.br\/blog\/wp-json\/wp\/v2\/categories?post=448"},{"taxonomy":"post_tag","embeddable":true,"href":"https:\/\/www.luminosossp.com.br\/blog\/wp-json\/wp\/v2\/tags?post=448"}],"curies":[{"name":"wp","href":"https:\/\/api.w.org\/{rel}","templated":true}]}}