{"id":407,"date":"2025-11-20T12:07:35","date_gmt":"2025-11-20T15:07:35","guid":{"rendered":"https:\/\/www.luminosossp.com.br\/blog\/?p=407"},"modified":"2025-12-01T12:08:17","modified_gmt":"2025-12-01T15:08:17","slug":"atraia-mais-clientes-com-fachadas-em-acm-com-led","status":"publish","type":"post","link":"https:\/\/www.luminosossp.com.br\/blog\/atraia-mais-clientes-com-fachadas-em-acm-com-led\/","title":{"rendered":"Atraia mais clientes com fachadas em ACM com LED"},"content":{"rendered":"<span class=\"rt-reading-time\" style=\"display: block;\"><span class=\"rt-label rt-prefix\">Tempo de leitura: <\/span> <span class=\"rt-time\">4<\/span> <span class=\"rt-label rt-postfix\">minutos<\/span><\/span>\n<p class=\"has-medium-font-size\"><strong><em>Descubra como as fachadas em ACM com LED valorizam seu ponto comercial, aumentam a visibilidade e atraem mais clientes com estilo e efici\u00eancia.<\/em><\/strong><\/p>\n\n\n\n<p>As <strong>fachadas em ACM com LED<\/strong> est\u00e3o transformando a maneira como empresas se destacam no mercado. Modernas, elegantes e altamente visuais, elas unem o melhor da tecnologia e do design para criar uma comunica\u00e7\u00e3o visual impactante \u2014 tanto de dia quanto \u00e0 noite.<\/p>\n\n\n\n<p>Nos \u00faltimos anos, o uso do <strong>ACM (Aluminum Composite Material)<\/strong> em fachadas comerciais cresceu exponencialmente.<\/p>\n\n\n\n<p>&nbsp;O material \u00e9 conhecido por sua durabilidade, leveza e acabamento sofisticado. Quando combinado com <strong>ilumina\u00e7\u00e3o LED<\/strong>, o resultado \u00e9 um verdadeiro convite \u00e0 aten\u00e7\u00e3o do p\u00fablico, aumentando o fluxo de clientes e valorizando a marca.<\/p>\n\n\n\n<p>Mais do que um revestimento bonito, a <strong>fachada em ACM com LED<\/strong> \u00e9 uma estrat\u00e9gia de marketing visual poderosa.<\/p>\n\n\n\n<p>&nbsp;Ela refor\u00e7a a identidade da empresa, projeta credibilidade e transmite modernidade \u2014 atributos essenciais para quem busca se destacar em um mercado cada vez mais competitivo.<\/p>\n\n\n\n<ul class=\"wp-block-list\">\n<li><a href=\"https:\/\/www.luminosossp.com.br\/blog\/saiba-onde-encontrar-fornecedor-de-totens-luminosos\/\">Saiba onde encontrar fornecedor de totens luminosos<\/a><\/li>\n<\/ul>\n\n\n\n<div id=\"ez-toc-container\" class=\"ez-toc-v2_0_62 counter-hierarchy ez-toc-counter ez-toc-grey ez-toc-container-direction\">\n<div class=\"ez-toc-title-container\">\n<p class=\"ez-toc-title \" >T&oacute;picos do artigo<\/p>\n<span class=\"ez-toc-title-toggle\"><a href=\"#\" class=\"ez-toc-pull-right ez-toc-btn ez-toc-btn-xs ez-toc-btn-default ez-toc-toggle\" aria-label=\"Toggle Table of Content\"><span class=\"ez-toc-js-icon-con\"><span class=\"\"><span class=\"eztoc-hide\" style=\"display:none;\">Toggle<\/span><span class=\"ez-toc-icon-toggle-span\"><svg style=\"fill: #999;color:#999\" xmlns=\"http:\/\/www.w3.org\/2000\/svg\" class=\"list-377408\" width=\"20px\" height=\"20px\" viewBox=\"0 0 24 24\" fill=\"none\"><path d=\"M6 6H4v2h2V6zm14 0H8v2h12V6zM4 11h2v2H4v-2zm16 0H8v2h12v-2zM4 16h2v2H4v-2zm16 0H8v2h12v-2z\" fill=\"currentColor\"><\/path><\/svg><svg style=\"fill: #999;color:#999\" class=\"arrow-unsorted-368013\" xmlns=\"http:\/\/www.w3.org\/2000\/svg\" width=\"10px\" height=\"10px\" viewBox=\"0 0 24 24\" version=\"1.2\" baseProfile=\"tiny\"><path d=\"M18.2 9.3l-6.2-6.3-6.2 6.3c-.2.2-.3.4-.3.7s.1.5.3.7c.2.2.4.3.7.3h11c.3 0 .5-.1.7-.3.2-.2.3-.5.3-.7s-.1-.5-.3-.7zM5.8 14.7l6.2 6.3 6.2-6.3c.2-.2.3-.5.3-.7s-.1-.5-.3-.7c-.2-.2-.4-.3-.7-.3h-11c-.3 0-.5.1-.7.3-.2.2-.3.5-.3.7s.1.5.3.7z\"\/><\/svg><\/span><\/span><\/span><\/a><\/span><\/div>\n<nav><ul class='ez-toc-list ez-toc-list-level-1 ' ><li class='ez-toc-page-1 ez-toc-heading-level-2'><a class=\"ez-toc-link ez-toc-heading-1\" href=\"https:\/\/www.luminosossp.com.br\/blog\/atraia-mais-clientes-com-fachadas-em-acm-com-led\/#O_que_sao_fachadas_em_ACM_com_LED\" title=\"O que s\u00e3o fachadas em ACM com LED\">O que s\u00e3o fachadas em ACM com LED<\/a><\/li><li class='ez-toc-page-1 ez-toc-heading-level-2'><a class=\"ez-toc-link ez-toc-heading-2\" href=\"https:\/\/www.luminosossp.com.br\/blog\/atraia-mais-clientes-com-fachadas-em-acm-com-led\/#Vantagens_da_fachada_em_ACM_com_LED\" title=\"Vantagens da fachada em ACM com LED\">Vantagens da fachada em ACM com LED<\/a><ul class='ez-toc-list-level-4' ><li class='ez-toc-heading-level-4'><ul class='ez-toc-list-level-4' ><li class='ez-toc-heading-level-4'><a class=\"ez-toc-link ez-toc-heading-3\" href=\"https:\/\/www.luminosossp.com.br\/blog\/atraia-mais-clientes-com-fachadas-em-acm-com-led\/#1_Alta_durabilidade_e_resistencia\" title=\"1. Alta durabilidade e resist\u00eancia\">1. Alta durabilidade e resist\u00eancia<\/a><\/li><li class='ez-toc-page-1 ez-toc-heading-level-4'><a class=\"ez-toc-link ez-toc-heading-4\" href=\"https:\/\/www.luminosossp.com.br\/blog\/atraia-mais-clientes-com-fachadas-em-acm-com-led\/#2_Iluminacao_que_valoriza_a_marca\" title=\"2. Ilumina\u00e7\u00e3o que valoriza a marca\">2. Ilumina\u00e7\u00e3o que valoriza a marca<\/a><\/li><li class='ez-toc-page-1 ez-toc-heading-level-4'><a class=\"ez-toc-link ez-toc-heading-5\" href=\"https:\/\/www.luminosossp.com.br\/blog\/atraia-mais-clientes-com-fachadas-em-acm-com-led\/#3_Versatilidade_no_design\" title=\"3. Versatilidade no design\">3. Versatilidade no design<\/a><\/li><li class='ez-toc-page-1 ez-toc-heading-level-4'><a class=\"ez-toc-link ez-toc-heading-6\" href=\"https:\/\/www.luminosossp.com.br\/blog\/atraia-mais-clientes-com-fachadas-em-acm-com-led\/#4_Sustentabilidade_e_economia\" title=\"4. Sustentabilidade e economia\">4. Sustentabilidade e economia<\/a><\/li><li class='ez-toc-page-1 ez-toc-heading-level-4'><a class=\"ez-toc-link ez-toc-heading-7\" href=\"https:\/\/www.luminosossp.com.br\/blog\/atraia-mais-clientes-com-fachadas-em-acm-com-led\/#5_Custo-beneficio_elevado\" title=\"5. Custo-benef\u00edcio elevado\">5. Custo-benef\u00edcio elevado<\/a><\/li><\/ul><\/li><\/ul><\/li><li class='ez-toc-page-1 ez-toc-heading-level-2'><a class=\"ez-toc-link ez-toc-heading-8\" href=\"https:\/\/www.luminosossp.com.br\/blog\/atraia-mais-clientes-com-fachadas-em-acm-com-led\/#Quanto_custa_uma_fachada_em_ACM_com_LED\" title=\"Quanto custa uma fachada em ACM com LED\">Quanto custa uma fachada em ACM com LED<\/a><\/li><li class='ez-toc-page-1 ez-toc-heading-level-2'><a class=\"ez-toc-link ez-toc-heading-9\" href=\"https:\/\/www.luminosossp.com.br\/blog\/atraia-mais-clientes-com-fachadas-em-acm-com-led\/#Como_planejar_uma_fachada_em_ACM_com_LED_eficiente\" title=\"Como planejar uma fachada em ACM com LED eficiente\">Como planejar uma fachada em ACM com LED eficiente<\/a><ul class='ez-toc-list-level-3' ><li class='ez-toc-heading-level-3'><a class=\"ez-toc-link ez-toc-heading-10\" href=\"https:\/\/www.luminosossp.com.br\/blog\/atraia-mais-clientes-com-fachadas-em-acm-com-led\/#Aplicacoes_mais_comuns\" title=\"Aplica\u00e7\u00f5es mais comuns \">Aplica\u00e7\u00f5es mais comuns <\/a><\/li><li class='ez-toc-page-1 ez-toc-heading-level-3'><a class=\"ez-toc-link ez-toc-heading-11\" href=\"https:\/\/www.luminosossp.com.br\/blog\/atraia-mais-clientes-com-fachadas-em-acm-com-led\/#Luminosos_SP_referencia_em_fachadas_em_ACM\" title=\"Luminosos SP: refer\u00eancia em fachadas em ACM \">Luminosos SP: refer\u00eancia em fachadas em ACM <\/a><\/li><\/ul><\/li><\/ul><\/nav><\/div>\n<h2 class=\"wp-block-heading\"><span class=\"ez-toc-section\" id=\"O_que_sao_fachadas_em_ACM_com_LED\"><\/span><strong>O que s\u00e3o fachadas em ACM com LED<\/strong><span class=\"ez-toc-section-end\"><\/span><\/h2>\n\n\n\n<p>As fachadas em ACM com LED s\u00e3o estruturas compostas por <strong>pain\u00e9is de alum\u00ednio<\/strong> unidos por um n\u00facleo de polietileno.&nbsp;<\/p>\n\n\n\n<p>O ACM \u00e9 amplamente utilizado em revestimentos externos por oferecer <strong>resist\u00eancia a intemp\u00e9ries, durabilidade e versatilidade no design<\/strong>.<\/p>\n\n\n\n<p>A adi\u00e7\u00e3o de <strong>ilumina\u00e7\u00e3o LED embutida ou retroiluminada<\/strong> eleva o impacto visual e proporciona destaque em qualquer hora do dia. Essa combina\u00e7\u00e3o alia tecnologia e est\u00e9tica, criando fachadas com personalidade, brilho e uniformidade visual.<\/p>\n\n\n\n<p>Os projetos podem ser personalizados com:<\/p>\n\n\n\n<ul class=\"wp-block-list\">\n<li><strong>Letras iluminadas ou retroiluminadas<\/strong>;<br><\/li>\n\n\n\n<li><strong>Efeitos de luz difusa ou direcional<\/strong>;<br><\/li>\n\n\n\n<li><strong>Volumes 3D e curvas suaves<\/strong>;<br><\/li>\n\n\n\n<li><strong>Integra\u00e7\u00e3o com logotipos e elementos arquitet\u00f4nicos<\/strong>.<br><\/li>\n<\/ul>\n\n\n\n<p>Al\u00e9m do impacto visual, o LED \u00e9 uma tecnologia de <strong>baixo consumo energ\u00e9tico<\/strong>, com longa vida \u00fatil e manuten\u00e7\u00e3o m\u00ednima \u2014 uma vantagem significativa para empresas que buscam solu\u00e7\u00f5es sustent\u00e1veis.<\/p>\n\n\n\n<h2 class=\"wp-block-heading\"><span class=\"ez-toc-section\" id=\"Vantagens_da_fachada_em_ACM_com_LED\"><\/span><strong>Vantagens da fachada em ACM com LED<\/strong><span class=\"ez-toc-section-end\"><\/span><\/h2>\n\n\n\n<p>Investir em uma <strong>fachada em ACM com LED<\/strong> \u00e9 mais do que uma quest\u00e3o est\u00e9tica \u2014 \u00e9 uma decis\u00e3o estrat\u00e9gica que impacta diretamente na <strong>visibilidade, percep\u00e7\u00e3o de marca e atra\u00e7\u00e3o de clientes<\/strong>.<\/p>\n\n\n\n<p>Confira as principais vantagens:<\/p>\n\n\n\n<h4 class=\"wp-block-heading\"><span class=\"ez-toc-section\" id=\"1_Alta_durabilidade_e_resistencia\"><\/span><strong>1. Alta durabilidade e resist\u00eancia<\/strong><span class=\"ez-toc-section-end\"><\/span><\/h4>\n\n\n\n<p>O ACM \u00e9 um material resistente \u00e0 umidade, sol, varia\u00e7\u00f5es t\u00e9rmicas e polui\u00e7\u00e3o. Ele mant\u00e9m a cor e o brilho por muitos anos, reduzindo custos com repintura e manuten\u00e7\u00e3o.<\/p>\n\n\n\n<h4 class=\"wp-block-heading\"><span class=\"ez-toc-section\" id=\"2_Iluminacao_que_valoriza_a_marca\"><\/span><strong>2. Ilumina\u00e7\u00e3o que valoriza a marca<\/strong><span class=\"ez-toc-section-end\"><\/span><\/h4>\n\n\n\n<p>O <strong>LED<\/strong> oferece efeitos visuais modernos e uniformes, destacando o logotipo e o nome da empresa mesmo \u00e0 dist\u00e2ncia. \u00c0 noite, a fachada iluminada garante visibilidade cont\u00ednua e refor\u00e7a a lembran\u00e7a da marca.<\/p>\n\n\n\n<h4 class=\"wp-block-heading\"><span class=\"ez-toc-section\" id=\"3_Versatilidade_no_design\"><\/span><strong>3. Versatilidade no design<\/strong><span class=\"ez-toc-section-end\"><\/span><\/h4>\n\n\n\n<p>A maleabilidade do ACM permite <strong>formas curvas, volumes tridimensionais e recortes precisos<\/strong>, possibilitando a cria\u00e7\u00e3o de fachadas exclusivas. O LED complementa o design, tornando o projeto ainda mais marcante.<\/p>\n\n\n\n<h4 class=\"wp-block-heading\"><span class=\"ez-toc-section\" id=\"4_Sustentabilidade_e_economia\"><\/span><strong>4. Sustentabilidade e economia<\/strong><span class=\"ez-toc-section-end\"><\/span><\/h4>\n\n\n\n<p>Os <strong>LEDs consomem at\u00e9 80% menos energia<\/strong> que l\u00e2mpadas tradicionais e possuem longa vida \u00fatil. Essa combina\u00e7\u00e3o reduz o impacto ambiental e os custos operacionais ao longo do tempo.<\/p>\n\n\n\n<h4 class=\"wp-block-heading\"><span class=\"ez-toc-section\" id=\"5_Custo-beneficio_elevado\"><\/span><strong>5. Custo-benef\u00edcio elevado<\/strong><span class=\"ez-toc-section-end\"><\/span><\/h4>\n\n\n\n<p>Mesmo com investimento inicial competitivo, o ACM oferece excelente retorno. \u00c9 uma <strong>solu\u00e7\u00e3o dur\u00e1vel, econ\u00f4mica e moderna<\/strong>, ideal para quem busca impacto visual com baixo custo de manuten\u00e7\u00e3o.<\/p>\n\n\n\n<figure class=\"wp-block-image size-full is-resized is-style-rounded\"><img loading=\"lazy\" decoding=\"async\" width=\"960\" height=\"540\" src=\"https:\/\/www.luminosossp.com.br\/blog\/wp-content\/uploads\/2025\/12\/7-1.jpg\" alt=\"Atraia mais clientes com fachadas em ACM com LED\" class=\"wp-image-408\" style=\"width:427px;height:auto\"\/><\/figure>\n\n\n\n<h2 class=\"wp-block-heading\"><span class=\"ez-toc-section\" id=\"Quanto_custa_uma_fachada_em_ACM_com_LED\"><\/span><strong>Quanto custa uma fachada em ACM com LED<\/strong><span class=\"ez-toc-section-end\"><\/span><\/h2>\n\n\n\n<p>Uma das d\u00favidas mais comuns de quem considera investir nesse tipo de fachada \u00e9: <strong>\u201cQuanto custa uma fachada em ACM com LED?\u201d<\/strong><\/p>\n\n\n\n<p>O valor depende de diversos fatores, como:<\/p>\n\n\n\n<ul class=\"wp-block-list\">\n<li><strong>Tamanho e complexidade do projeto<\/strong>;<br><\/li>\n\n\n\n<li><strong>Tipo e quantidade de ilumina\u00e7\u00e3o LED aplicada<\/strong>;<br><\/li>\n\n\n\n<li><strong>Espessura e acabamento do painel de ACM<\/strong>;<br><\/li>\n\n\n\n<li><strong>Design e recortes personalizados<\/strong>;<br><\/li>\n\n\n\n<li><strong>Local de instala\u00e7\u00e3o e estrutura de fixa\u00e7\u00e3o<\/strong>.<br><\/li>\n<\/ul>\n\n\n\n<p>Em m\u00e9dia, o pre\u00e7o \u00e9 calculado <strong>por metro quadrado<\/strong> e pode variar de acordo com o tipo de acabamento, volumetria e tecnologia de ilumina\u00e7\u00e3o empregada.&nbsp;<\/p>\n\n\n\n<p>No entanto, \u00e9 importante entender que o custo final \u00e9 <strong>um investimento em visibilidade, durabilidade e identidade de marca<\/strong>.<\/p>\n\n\n\n<p>Empresas que apostam nesse tipo de fachada costumam perceber rapidamente o retorno, pois a <strong>fachada \u00e9 o primeiro contato visual com o cliente<\/strong> e um dos fatores que mais influenciam a decis\u00e3o de entrada em um estabelecimento.<\/p>\n\n\n\n<ul class=\"wp-block-list\">\n<li><a href=\"https:\/\/www.luminosossp.com.br\/blog\/empresa-de-toldos-e-coberturas-em-santana-onde-encontrar\/\">Empresa de toldos e coberturas em Santana: onde encontrar<\/a><\/li>\n<\/ul>\n\n\n\n<h2 class=\"wp-block-heading\"><span class=\"ez-toc-section\" id=\"Como_planejar_uma_fachada_em_ACM_com_LED_eficiente\"><\/span><strong>Como planejar uma fachada em ACM com LED eficiente<\/strong><span class=\"ez-toc-section-end\"><\/span><\/h2>\n\n\n\n<p>Um projeto de fachada bem executado exige <strong>planejamento t\u00e9cnico e integra\u00e7\u00e3o entre design e engenharia<\/strong>. Veja alguns cuidados fundamentais para garantir o melhor resultado:<\/p>\n\n\n\n<ol class=\"wp-block-list\">\n<li><strong>Planeje o layout de acordo com a identidade visual da marca<\/strong><strong><br><\/strong> O projeto deve refletir os valores da empresa e se conectar visualmente com o p\u00fablico-alvo.<br><\/li>\n\n\n\n<li><strong>Escolha o tipo de ilumina\u00e7\u00e3o adequado<\/strong><strong><br><\/strong> LEDs podem ser embutidos, retroiluminados ou projetados para destacar \u00e1reas espec\u00edficas. Cada estilo produz um efeito visual diferente.<br><\/li>\n\n\n\n<li><strong>Garanta a instala\u00e7\u00e3o el\u00e9trica segura<\/strong><strong><br><\/strong> A instala\u00e7\u00e3o deve ser feita por profissionais capacitados, seguindo normas t\u00e9cnicas de seguran\u00e7a e efici\u00eancia energ\u00e9tica.<br><\/li>\n\n\n\n<li><strong>Considere o entorno e a visibilidade<\/strong><strong><br><\/strong> Analise o ambiente onde a fachada ser\u00e1 instalada para otimizar o contraste, o \u00e2ngulo da luz e a legibilidade \u00e0 dist\u00e2ncia.<br><\/li>\n\n\n\n<li><strong>Invista em manuten\u00e7\u00e3o preventiva<\/strong><strong><br><\/strong> Embora o LED exija pouca manuten\u00e7\u00e3o, inspe\u00e7\u00f5es peri\u00f3dicas garantem que a ilumina\u00e7\u00e3o e o acabamento do ACM permane\u00e7am impec\u00e1veis.<br><\/li>\n<\/ol>\n\n\n\n<h3 class=\"wp-block-heading\"><span class=\"ez-toc-section\" id=\"Aplicacoes_mais_comuns\"><\/span><strong>Aplica\u00e7\u00f5es mais comuns <\/strong><span class=\"ez-toc-section-end\"><\/span><\/h3>\n\n\n\n<p>As fachadas em ACM com LED est\u00e3o presentes em <strong>diversos segmentos comerciais e corporativos<\/strong>, incluindo:<\/p>\n\n\n\n<ul class=\"wp-block-list\">\n<li><strong>Lojas e franquias<\/strong> \u2014 atraem clientes e padronizam a identidade visual de rede.<br><\/li>\n\n\n\n<li><strong>Restaurantes e bares<\/strong> \u2014 criam fachadas atrativas e iluminadas para ambientes noturnos.<br><\/li>\n\n\n\n<li><strong>Cl\u00ednicas e escrit\u00f3rios<\/strong> \u2014 agregam sofistica\u00e7\u00e3o e refor\u00e7am credibilidade profissional.<br><\/li>\n\n\n\n<li><strong>Supermercados e redes varejistas<\/strong> \u2014 destacam a marca em locais de grande movimento.<br><\/li>\n\n\n\n<li><strong>Edif\u00edcios corporativos e condom\u00ednios<\/strong> \u2014 oferecem acabamento moderno e duradouro.<br><\/li>\n<\/ul>\n\n\n\n<p>Independentemente do segmento, o <strong>ACM com LED<\/strong> se adapta facilmente, permitindo solu\u00e7\u00f5es criativas e funcionais que valorizam qualquer tipo de fachada.<\/p>\n\n\n\n<h3 class=\"wp-block-heading\"><span class=\"ez-toc-section\" id=\"Luminosos_SP_referencia_em_fachadas_em_ACM\"><\/span><strong>Luminosos SP: refer\u00eancia em fachadas em ACM <\/strong><span class=\"ez-toc-section-end\"><\/span><\/h3>\n\n\n\n<p>A <strong>Luminosos SP<\/strong> \u00e9 refer\u00eancia no desenvolvimento e instala\u00e7\u00e3o de <strong>fachadas em ACM com LED<\/strong>, oferecendo solu\u00e7\u00f5es personalizadas para empresas de todos os portes.<\/p>\n\n\n\n<p>Com foco em <strong>inova\u00e7\u00e3o, qualidade e acabamento impec\u00e1vel<\/strong>, a empresa transforma ideias em fachadas modernas e atrativas, unindo <strong>design, ilumina\u00e7\u00e3o e durabilidade<\/strong>.&nbsp;<\/p>\n\n\n\n<p>Cada projeto \u00e9 elaborado com acompanhamento t\u00e9cnico, garantindo <strong>seguran\u00e7a el\u00e9trica, uniformidade luminosa e fidelidade \u00e0 identidade visual da marca<\/strong>.<\/p>\n\n\n\n<p>Com ampla experi\u00eancia no mercado, a <strong>Luminosos SP<\/strong> atua com materiais certificados e tecnologia de ponta, atendendo clientes que buscam <strong>impacto visual, efici\u00eancia energ\u00e9tica e sofistica\u00e7\u00e3o<\/strong>.<\/p>\n\n\n\n<p>Se voc\u00ea busca um projeto que <strong>una eleg\u00e2ncia, visibilidade e retorno garantido<\/strong>, entre em contato com a <strong>Luminosos SP<\/strong>.<\/p>\n\n\n\n<p>&nbsp;A empresa \u00e9 especialista em desenvolver fachadas personalizadas que transformam seu neg\u00f3cio em uma verdadeira vitrine de sucesso.<\/p>\n\n\n\n<p>Fale com a equipe t\u00e9cnica e descubra como <strong>uma fachada em ACM com LED pode ser o diferencial que sua marca precisa<\/strong>.<\/p>\n\n\n\n<ul class=\"wp-block-list\">\n<li><a href=\"https:\/\/www.luminosossp.com.br\/blog\/fachadas-em-acm-na-zona-norte-onde-comprar\/\">Fachadas em ACM na Zona Norte: onde comprar com qualidade<\/a><\/li>\n<\/ul>\n","protected":false},"excerpt":{"rendered":"<p><span class=\"rt-reading-time\" style=\"display: block;\"><span class=\"rt-label rt-prefix\">Tempo de leitura: <\/span> <span class=\"rt-time\">4<\/span> <span class=\"rt-label rt-postfix\">minutos<\/span><\/span> Descubra como as fachadas em ACM com LED valorizam seu ponto comercial, aumentam a visibilidade e atraem mais clientes com estilo e efici\u00eancia. As fachadas em ACM com LED est\u00e3o transformando a maneira como empresas se destacam no mercado. Modernas, &hellip; <\/p>\n","protected":false},"author":1,"featured_media":408,"comment_status":"open","ping_status":"open","sticky":false,"template":"","format":"standard","meta":{"footnotes":""},"categories":[71],"tags":[2875,2882,2880,2884,178,2921,2138,2825,1730,2877,2878,1121,2815,2918,2892,2902,2896,2900,2888,2917,2911,2910,2894,2907,2909,2899,2890,2903,2920,2912,2915,2904,2889,2905,2897,2886,2914,2901,2895,2908,2906,2913,2893,2916,2898,2891,2919,2879,2883,2885,2141,2876,2887,2881,2874],"class_list":["post-407","post","type-post","status-publish","format-standard","has-post-thumbnail","hentry","category-comunicacao-visual","tag-acm-com-iluminacao-led","tag-acm-com-led-em-sao-paulo","tag-comunicacao-visual-com-led","tag-design-de-fachadas-em-acm","tag-empresa-de-fachadas-em-acm","tag-empresa-de-fachadas-em-acm-com-led-zona-norte-sp","tag-fachada-comercial-iluminada","tag-fachada-de-loja-em-acm-com-led","tag-fachada-iluminada-em-acm","tag-fachada-moderna-em-aluminio","tag-fachadas-com-led-embutido","tag-fachadas-comerciais-modernas","tag-fachadas-em-acm-com-led","tag-fachadas-em-acm-com-led-em-guarulhos-regiao-norte","tag-fachadas-em-acm-com-led-em-jacana","tag-fachadas-em-acm-com-led-em-jardim-franca","tag-fachadas-em-acm-com-led-em-jardim-sao-paulo","tag-fachadas-em-acm-com-led-em-lauzane-paulista","tag-fachadas-em-acm-com-led-em-santana","tag-fachadas-em-acm-com-led-em-santana-de-parnaiba-zona-norte","tag-fachadas-em-acm-com-led-em-vila-constanca","tag-fachadas-em-acm-com-led-em-vila-ede","tag-fachadas-em-acm-com-led-em-vila-guilherme","tag-fachadas-em-acm-com-led-em-vila-medeiros","tag-fachadas-em-acm-com-led-em-vila-sabrina","tag-fachadas-em-acm-com-led-na-agua-fria","tag-fachadas-em-acm-com-led-na-casa-verde","tag-fachadas-em-acm-com-led-na-parada-inglesa","tag-fachadas-em-acm-com-led-na-regiao-norte-de-sao-paulo","tag-fachadas-em-acm-com-led-na-vila-albertina","tag-fachadas-em-acm-com-led-na-vila-amalia","tag-fachadas-em-acm-com-led-na-vila-gustavo","tag-fachadas-em-acm-com-led-na-vila-maria","tag-fachadas-em-acm-com-led-na-vila-mazzei","tag-fachadas-em-acm-com-led-na-vila-nova-cachoeirinha","tag-fachadas-em-acm-com-led-na-zona-norte","tag-fachadas-em-acm-com-led-no-carandiru","tag-fachadas-em-acm-com-led-no-horto-florestal","tag-fachadas-em-acm-com-led-no-imirim","tag-fachadas-em-acm-com-led-no-jardim-brasil","tag-fachadas-em-acm-com-led-no-jardim-guapira","tag-fachadas-em-acm-com-led-no-jardim-tremembe","tag-fachadas-em-acm-com-led-no-mandaqui","tag-fachadas-em-acm-com-led-no-parque-mandaqui","tag-fachadas-em-acm-com-led-no-tremembe","tag-fachadas-em-acm-com-led-no-tucuruvi","tag-fachadas-em-acm-com-led-proximas-ao-horto-florestal","tag-fachadas-personalizadas-em-acm","tag-iluminacao-para-fachadas-comerciais","tag-luminosos-em-acm-com-led","tag-luminosos-sp-fachadas","tag-quanto-custa-uma-fachada-em-acm-com-led","tag-revestimento-arquitetonico-em-acm","tag-revestimento-de-acm-para-fachadas","tag-vantagens-da-fachada-em-acm-com-led"],"yoast_head":"<!-- This site is optimized with the Yoast SEO plugin v21.9 - https:\/\/yoast.com\/wordpress\/plugins\/seo\/ -->\n<title>Atraia mais clientes com fachadas em ACM com LED - Blog<\/title>\n<meta name=\"description\" content=\"Descubra como as fachadas em ACM com LED valorizam seu ponto comercial, aumentam a visibilidade e atraem mais clientes\" \/>\n<meta name=\"robots\" content=\"index, follow, max-snippet:-1, max-image-preview:large, max-video-preview:-1\" \/>\n<link rel=\"canonical\" href=\"https:\/\/www.luminosossp.com.br\/blog\/atraia-mais-clientes-com-fachadas-em-acm-com-led\/\" \/>\n<meta property=\"og:locale\" content=\"pt_BR\" \/>\n<meta property=\"og:type\" content=\"article\" \/>\n<meta property=\"og:title\" content=\"Atraia mais clientes com fachadas em ACM com LED - Blog\" \/>\n<meta property=\"og:description\" content=\"Descubra como as fachadas em ACM com LED valorizam seu ponto comercial, aumentam a visibilidade e atraem mais clientes\" \/>\n<meta property=\"og:url\" content=\"https:\/\/www.luminosossp.com.br\/blog\/atraia-mais-clientes-com-fachadas-em-acm-com-led\/\" \/>\n<meta property=\"og:site_name\" content=\"Blog\" \/>\n<meta property=\"article:published_time\" content=\"2025-11-20T15:07:35+00:00\" \/>\n<meta property=\"article:modified_time\" content=\"2025-12-01T15:08:17+00:00\" \/>\n<meta property=\"og:image\" content=\"https:\/\/www.luminosossp.com.br\/blog\/wp-content\/uploads\/2025\/12\/7-1.jpg\" \/>\n\t<meta property=\"og:image:width\" content=\"960\" \/>\n\t<meta property=\"og:image:height\" content=\"540\" \/>\n\t<meta property=\"og:image:type\" content=\"image\/jpeg\" \/>\n<meta name=\"author\" content=\"admin\" \/>\n<meta name=\"twitter:card\" content=\"summary_large_image\" \/>\n<meta name=\"twitter:label1\" content=\"Escrito por\" \/>\n\t<meta name=\"twitter:data1\" content=\"admin\" \/>\n\t<meta name=\"twitter:label2\" content=\"Est. tempo de leitura\" \/>\n\t<meta name=\"twitter:data2\" content=\"7 minutos\" \/>\n<script type=\"application\/ld+json\" class=\"yoast-schema-graph\">{\"@context\":\"https:\/\/schema.org\",\"@graph\":[{\"@type\":\"Article\",\"@id\":\"https:\/\/www.luminosossp.com.br\/blog\/atraia-mais-clientes-com-fachadas-em-acm-com-led\/#article\",\"isPartOf\":{\"@id\":\"https:\/\/www.luminosossp.com.br\/blog\/atraia-mais-clientes-com-fachadas-em-acm-com-led\/\"},\"author\":{\"name\":\"admin\",\"@id\":\"https:\/\/www.luminosossp.com.br\/blog\/#\/schema\/person\/6d0a8f9ebbccf41c1478cada680f3e87\"},\"headline\":\"Atraia mais clientes com fachadas em ACM com LED\",\"datePublished\":\"2025-11-20T15:07:35+00:00\",\"dateModified\":\"2025-12-01T15:08:17+00:00\",\"mainEntityOfPage\":{\"@id\":\"https:\/\/www.luminosossp.com.br\/blog\/atraia-mais-clientes-com-fachadas-em-acm-com-led\/\"},\"wordCount\":1174,\"commentCount\":0,\"publisher\":{\"@id\":\"https:\/\/www.luminosossp.com.br\/blog\/#organization\"},\"keywords\":[\"ACM com ilumina\u00e7\u00e3o LED\",\"ACM com LED em S\u00e3o Paulo\",\"comunica\u00e7\u00e3o visual com LED\",\"design de fachadas em ACM\",\"empresa de fachadas em ACM\",\"empresa de fachadas em ACM com LED zona norte SP\",\"fachada comercial iluminada\",\"fachada de loja em acm com led\",\"fachada iluminada em ACM\",\"fachada moderna em alum\u00ednio\",\"fachadas com LED embutido\",\"fachadas comerciais modernas\",\"fachadas em acm com led\",\"fachadas em ACM com LED em Guarulhos regi\u00e3o norte\",\"fachadas em ACM com LED em Ja\u00e7an\u00e3\",\"fachadas em ACM com LED em Jardim Fran\u00e7a\",\"fachadas em ACM com LED em Jardim S\u00e3o Paulo\",\"fachadas em ACM com LED em Lauzane Paulista\",\"fachadas em ACM com LED em Santana\",\"fachadas em ACM com LED em Santana de Parna\u00edba (zona norte)\",\"fachadas em ACM com LED em Vila Constan\u00e7a\",\"fachadas em ACM com LED em Vila Ede\",\"fachadas em ACM com LED em Vila Guilherme\",\"fachadas em ACM com LED em Vila Medeiros\",\"fachadas em ACM com LED em Vila Sabrina\",\"fachadas em ACM com LED na \u00c1gua Fria\",\"fachadas em ACM com LED na Casa Verde\",\"fachadas em ACM com LED na Parada Inglesa\",\"fachadas em ACM com LED na regi\u00e3o norte de S\u00e3o Paulo\",\"fachadas em ACM com LED na Vila Albertina\",\"fachadas em ACM com LED na Vila Am\u00e1lia\",\"fachadas em ACM com LED na Vila Gustavo\",\"fachadas em ACM com LED na Vila Maria\",\"fachadas em ACM com LED na Vila Mazzei\",\"fachadas em ACM com LED na Vila Nova Cachoeirinha\",\"fachadas em ACM com LED na zona norte\",\"fachadas em ACM com LED no Carandiru\",\"fachadas em ACM com LED no Horto Florestal\",\"fachadas em ACM com LED no Imirim\",\"fachadas em ACM com LED no Jardim Brasil\",\"fachadas em ACM com LED no Jardim Guapira\",\"fachadas em ACM com LED no Jardim Trememb\u00e9\",\"fachadas em ACM com LED no Mandaqui\",\"fachadas em ACM com LED no Parque Mandaqui\",\"fachadas em ACM com LED no Trememb\u00e9\",\"fachadas em ACM com LED no Tucuruvi\",\"fachadas em ACM com LED pr\u00f3ximas ao Horto Florestal\",\"fachadas personalizadas em ACM\",\"ilumina\u00e7\u00e3o para fachadas comerciais\",\"luminosos em ACM com LED\",\"luminosos SP fachadas\",\"quanto custa uma fachada em ACM com LED\",\"revestimento arquitet\u00f4nico em ACM\",\"revestimento de ACM para fachadas\",\"vantagens da fachada em ACM com LED\"],\"articleSection\":[\"Comunica\u00e7\u00e3o visual\"],\"inLanguage\":\"pt-BR\",\"potentialAction\":[{\"@type\":\"CommentAction\",\"name\":\"Comment\",\"target\":[\"https:\/\/www.luminosossp.com.br\/blog\/atraia-mais-clientes-com-fachadas-em-acm-com-led\/#respond\"]}]},{\"@type\":\"WebPage\",\"@id\":\"https:\/\/www.luminosossp.com.br\/blog\/atraia-mais-clientes-com-fachadas-em-acm-com-led\/\",\"url\":\"https:\/\/www.luminosossp.com.br\/blog\/atraia-mais-clientes-com-fachadas-em-acm-com-led\/\",\"name\":\"Atraia mais clientes com fachadas em ACM com LED - Blog\",\"isPartOf\":{\"@id\":\"https:\/\/www.luminosossp.com.br\/blog\/#website\"},\"datePublished\":\"2025-11-20T15:07:35+00:00\",\"dateModified\":\"2025-12-01T15:08:17+00:00\",\"description\":\"Descubra como as fachadas em ACM com LED valorizam seu ponto comercial, aumentam a visibilidade e atraem mais clientes\",\"breadcrumb\":{\"@id\":\"https:\/\/www.luminosossp.com.br\/blog\/atraia-mais-clientes-com-fachadas-em-acm-com-led\/#breadcrumb\"},\"inLanguage\":\"pt-BR\",\"potentialAction\":[{\"@type\":\"ReadAction\",\"target\":[\"https:\/\/www.luminosossp.com.br\/blog\/atraia-mais-clientes-com-fachadas-em-acm-com-led\/\"]}]},{\"@type\":\"BreadcrumbList\",\"@id\":\"https:\/\/www.luminosossp.com.br\/blog\/atraia-mais-clientes-com-fachadas-em-acm-com-led\/#breadcrumb\",\"itemListElement\":[{\"@type\":\"ListItem\",\"position\":1,\"name\":\"In\u00edcio\",\"item\":\"https:\/\/www.luminosossp.com.br\/blog\/\"},{\"@type\":\"ListItem\",\"position\":2,\"name\":\"Atraia mais clientes com fachadas em ACM com LED\"}]},{\"@type\":\"WebSite\",\"@id\":\"https:\/\/www.luminosossp.com.br\/blog\/#website\",\"url\":\"https:\/\/www.luminosossp.com.br\/blog\/\",\"name\":\"Blog\",\"description\":\"Luminosossp\",\"publisher\":{\"@id\":\"https:\/\/www.luminosossp.com.br\/blog\/#organization\"},\"potentialAction\":[{\"@type\":\"SearchAction\",\"target\":{\"@type\":\"EntryPoint\",\"urlTemplate\":\"https:\/\/www.luminosossp.com.br\/blog\/?s={search_term_string}\"},\"query-input\":\"required name=search_term_string\"}],\"inLanguage\":\"pt-BR\"},{\"@type\":\"Organization\",\"@id\":\"https:\/\/www.luminosossp.com.br\/blog\/#organization\",\"name\":\"Blog\",\"url\":\"https:\/\/www.luminosossp.com.br\/blog\/\",\"logo\":{\"@type\":\"ImageObject\",\"inLanguage\":\"pt-BR\",\"@id\":\"https:\/\/www.luminosossp.com.br\/blog\/#\/schema\/logo\/image\/\",\"url\":\"https:\/\/www.luminosossp.com.br\/blog\/wp-content\/uploads\/2024\/01\/logo-6.png\",\"contentUrl\":\"https:\/\/www.luminosossp.com.br\/blog\/wp-content\/uploads\/2024\/01\/logo-6.png\",\"width\":150,\"height\":150,\"caption\":\"Blog\"},\"image\":{\"@id\":\"https:\/\/www.luminosossp.com.br\/blog\/#\/schema\/logo\/image\/\"}},{\"@type\":\"Person\",\"@id\":\"https:\/\/www.luminosossp.com.br\/blog\/#\/schema\/person\/6d0a8f9ebbccf41c1478cada680f3e87\",\"name\":\"admin\",\"image\":{\"@type\":\"ImageObject\",\"inLanguage\":\"pt-BR\",\"@id\":\"https:\/\/www.luminosossp.com.br\/blog\/#\/schema\/person\/image\/\",\"url\":\"https:\/\/secure.gravatar.com\/avatar\/94d94992e5dcccff24919365b24c228f2dc818bb6650ab086de97177901f17db?s=96&d=mm&r=g\",\"contentUrl\":\"https:\/\/secure.gravatar.com\/avatar\/94d94992e5dcccff24919365b24c228f2dc818bb6650ab086de97177901f17db?s=96&d=mm&r=g\",\"caption\":\"admin\"},\"sameAs\":[\"https:\/\/luminosossp.com.br\/blog\"],\"url\":\"https:\/\/www.luminosossp.com.br\/blog\/author\/admin\/\"}]}<\/script>\n<!-- \/ Yoast SEO plugin. -->","yoast_head_json":{"title":"Atraia mais clientes com fachadas em ACM com LED - Blog","description":"Descubra como as fachadas em ACM com LED valorizam seu ponto comercial, aumentam a visibilidade e atraem mais clientes","robots":{"index":"index","follow":"follow","max-snippet":"max-snippet:-1","max-image-preview":"max-image-preview:large","max-video-preview":"max-video-preview:-1"},"canonical":"https:\/\/www.luminosossp.com.br\/blog\/atraia-mais-clientes-com-fachadas-em-acm-com-led\/","og_locale":"pt_BR","og_type":"article","og_title":"Atraia mais clientes com fachadas em ACM com LED - Blog","og_description":"Descubra como as fachadas em ACM com LED valorizam seu ponto comercial, aumentam a visibilidade e atraem mais clientes","og_url":"https:\/\/www.luminosossp.com.br\/blog\/atraia-mais-clientes-com-fachadas-em-acm-com-led\/","og_site_name":"Blog","article_published_time":"2025-11-20T15:07:35+00:00","article_modified_time":"2025-12-01T15:08:17+00:00","og_image":[{"width":960,"height":540,"url":"https:\/\/www.luminosossp.com.br\/blog\/wp-content\/uploads\/2025\/12\/7-1.jpg","type":"image\/jpeg"}],"author":"admin","twitter_card":"summary_large_image","twitter_misc":{"Escrito por":"admin","Est. tempo de leitura":"7 minutos"},"schema":{"@context":"https:\/\/schema.org","@graph":[{"@type":"Article","@id":"https:\/\/www.luminosossp.com.br\/blog\/atraia-mais-clientes-com-fachadas-em-acm-com-led\/#article","isPartOf":{"@id":"https:\/\/www.luminosossp.com.br\/blog\/atraia-mais-clientes-com-fachadas-em-acm-com-led\/"},"author":{"name":"admin","@id":"https:\/\/www.luminosossp.com.br\/blog\/#\/schema\/person\/6d0a8f9ebbccf41c1478cada680f3e87"},"headline":"Atraia mais clientes com fachadas em ACM com LED","datePublished":"2025-11-20T15:07:35+00:00","dateModified":"2025-12-01T15:08:17+00:00","mainEntityOfPage":{"@id":"https:\/\/www.luminosossp.com.br\/blog\/atraia-mais-clientes-com-fachadas-em-acm-com-led\/"},"wordCount":1174,"commentCount":0,"publisher":{"@id":"https:\/\/www.luminosossp.com.br\/blog\/#organization"},"keywords":["ACM com ilumina\u00e7\u00e3o LED","ACM com LED em S\u00e3o Paulo","comunica\u00e7\u00e3o visual com LED","design de fachadas em ACM","empresa de fachadas em ACM","empresa de fachadas em ACM com LED zona norte SP","fachada comercial iluminada","fachada de loja em acm com led","fachada iluminada em ACM","fachada moderna em alum\u00ednio","fachadas com LED embutido","fachadas comerciais modernas","fachadas em acm com led","fachadas em ACM com LED em Guarulhos regi\u00e3o norte","fachadas em ACM com LED em Ja\u00e7an\u00e3","fachadas em ACM com LED em Jardim Fran\u00e7a","fachadas em ACM com LED em Jardim S\u00e3o Paulo","fachadas em ACM com LED em Lauzane Paulista","fachadas em ACM com LED em Santana","fachadas em ACM com LED em Santana de Parna\u00edba (zona norte)","fachadas em ACM com LED em Vila Constan\u00e7a","fachadas em ACM com LED em Vila Ede","fachadas em ACM com LED em Vila Guilherme","fachadas em ACM com LED em Vila Medeiros","fachadas em ACM com LED em Vila Sabrina","fachadas em ACM com LED na \u00c1gua Fria","fachadas em ACM com LED na Casa Verde","fachadas em ACM com LED na Parada Inglesa","fachadas em ACM com LED na regi\u00e3o norte de S\u00e3o Paulo","fachadas em ACM com LED na Vila Albertina","fachadas em ACM com LED na Vila Am\u00e1lia","fachadas em ACM com LED na Vila Gustavo","fachadas em ACM com LED na Vila Maria","fachadas em ACM com LED na Vila Mazzei","fachadas em ACM com LED na Vila Nova Cachoeirinha","fachadas em ACM com LED na zona norte","fachadas em ACM com LED no Carandiru","fachadas em ACM com LED no Horto Florestal","fachadas em ACM com LED no Imirim","fachadas em ACM com LED no Jardim Brasil","fachadas em ACM com LED no Jardim Guapira","fachadas em ACM com LED no Jardim Trememb\u00e9","fachadas em ACM com LED no Mandaqui","fachadas em ACM com LED no Parque Mandaqui","fachadas em ACM com LED no Trememb\u00e9","fachadas em ACM com LED no Tucuruvi","fachadas em ACM com LED pr\u00f3ximas ao Horto Florestal","fachadas personalizadas em ACM","ilumina\u00e7\u00e3o para fachadas comerciais","luminosos em ACM com LED","luminosos SP fachadas","quanto custa uma fachada em ACM com LED","revestimento arquitet\u00f4nico em ACM","revestimento de ACM para fachadas","vantagens da fachada em ACM com LED"],"articleSection":["Comunica\u00e7\u00e3o visual"],"inLanguage":"pt-BR","potentialAction":[{"@type":"CommentAction","name":"Comment","target":["https:\/\/www.luminosossp.com.br\/blog\/atraia-mais-clientes-com-fachadas-em-acm-com-led\/#respond"]}]},{"@type":"WebPage","@id":"https:\/\/www.luminosossp.com.br\/blog\/atraia-mais-clientes-com-fachadas-em-acm-com-led\/","url":"https:\/\/www.luminosossp.com.br\/blog\/atraia-mais-clientes-com-fachadas-em-acm-com-led\/","name":"Atraia mais clientes com fachadas em ACM com LED - Blog","isPartOf":{"@id":"https:\/\/www.luminosossp.com.br\/blog\/#website"},"datePublished":"2025-11-20T15:07:35+00:00","dateModified":"2025-12-01T15:08:17+00:00","description":"Descubra como as fachadas em ACM com LED valorizam seu ponto comercial, aumentam a visibilidade e atraem mais clientes","breadcrumb":{"@id":"https:\/\/www.luminosossp.com.br\/blog\/atraia-mais-clientes-com-fachadas-em-acm-com-led\/#breadcrumb"},"inLanguage":"pt-BR","potentialAction":[{"@type":"ReadAction","target":["https:\/\/www.luminosossp.com.br\/blog\/atraia-mais-clientes-com-fachadas-em-acm-com-led\/"]}]},{"@type":"BreadcrumbList","@id":"https:\/\/www.luminosossp.com.br\/blog\/atraia-mais-clientes-com-fachadas-em-acm-com-led\/#breadcrumb","itemListElement":[{"@type":"ListItem","position":1,"name":"In\u00edcio","item":"https:\/\/www.luminosossp.com.br\/blog\/"},{"@type":"ListItem","position":2,"name":"Atraia mais clientes com fachadas em ACM com LED"}]},{"@type":"WebSite","@id":"https:\/\/www.luminosossp.com.br\/blog\/#website","url":"https:\/\/www.luminosossp.com.br\/blog\/","name":"Blog","description":"Luminosossp","publisher":{"@id":"https:\/\/www.luminosossp.com.br\/blog\/#organization"},"potentialAction":[{"@type":"SearchAction","target":{"@type":"EntryPoint","urlTemplate":"https:\/\/www.luminosossp.com.br\/blog\/?s={search_term_string}"},"query-input":"required name=search_term_string"}],"inLanguage":"pt-BR"},{"@type":"Organization","@id":"https:\/\/www.luminosossp.com.br\/blog\/#organization","name":"Blog","url":"https:\/\/www.luminosossp.com.br\/blog\/","logo":{"@type":"ImageObject","inLanguage":"pt-BR","@id":"https:\/\/www.luminosossp.com.br\/blog\/#\/schema\/logo\/image\/","url":"https:\/\/www.luminosossp.com.br\/blog\/wp-content\/uploads\/2024\/01\/logo-6.png","contentUrl":"https:\/\/www.luminosossp.com.br\/blog\/wp-content\/uploads\/2024\/01\/logo-6.png","width":150,"height":150,"caption":"Blog"},"image":{"@id":"https:\/\/www.luminosossp.com.br\/blog\/#\/schema\/logo\/image\/"}},{"@type":"Person","@id":"https:\/\/www.luminosossp.com.br\/blog\/#\/schema\/person\/6d0a8f9ebbccf41c1478cada680f3e87","name":"admin","image":{"@type":"ImageObject","inLanguage":"pt-BR","@id":"https:\/\/www.luminosossp.com.br\/blog\/#\/schema\/person\/image\/","url":"https:\/\/secure.gravatar.com\/avatar\/94d94992e5dcccff24919365b24c228f2dc818bb6650ab086de97177901f17db?s=96&d=mm&r=g","contentUrl":"https:\/\/secure.gravatar.com\/avatar\/94d94992e5dcccff24919365b24c228f2dc818bb6650ab086de97177901f17db?s=96&d=mm&r=g","caption":"admin"},"sameAs":["https:\/\/luminosossp.com.br\/blog"],"url":"https:\/\/www.luminosossp.com.br\/blog\/author\/admin\/"}]}},"_links":{"self":[{"href":"https:\/\/www.luminosossp.com.br\/blog\/wp-json\/wp\/v2\/posts\/407","targetHints":{"allow":["GET"]}}],"collection":[{"href":"https:\/\/www.luminosossp.com.br\/blog\/wp-json\/wp\/v2\/posts"}],"about":[{"href":"https:\/\/www.luminosossp.com.br\/blog\/wp-json\/wp\/v2\/types\/post"}],"author":[{"embeddable":true,"href":"https:\/\/www.luminosossp.com.br\/blog\/wp-json\/wp\/v2\/users\/1"}],"replies":[{"embeddable":true,"href":"https:\/\/www.luminosossp.com.br\/blog\/wp-json\/wp\/v2\/comments?post=407"}],"version-history":[{"count":1,"href":"https:\/\/www.luminosossp.com.br\/blog\/wp-json\/wp\/v2\/posts\/407\/revisions"}],"predecessor-version":[{"id":409,"href":"https:\/\/www.luminosossp.com.br\/blog\/wp-json\/wp\/v2\/posts\/407\/revisions\/409"}],"wp:featuredmedia":[{"embeddable":true,"href":"https:\/\/www.luminosossp.com.br\/blog\/wp-json\/wp\/v2\/media\/408"}],"wp:attachment":[{"href":"https:\/\/www.luminosossp.com.br\/blog\/wp-json\/wp\/v2\/media?parent=407"}],"wp:term":[{"taxonomy":"category","embeddable":true,"href":"https:\/\/www.luminosossp.com.br\/blog\/wp-json\/wp\/v2\/categories?post=407"},{"taxonomy":"post_tag","embeddable":true,"href":"https:\/\/www.luminosossp.com.br\/blog\/wp-json\/wp\/v2\/tags?post=407"}],"curies":[{"name":"wp","href":"https:\/\/api.w.org\/{rel}","templated":true}]}}