{"id":36,"date":"2024-03-12T17:02:15","date_gmt":"2024-03-12T20:02:15","guid":{"rendered":"https:\/\/luminosossp.com.br\/blog\/?p=36"},"modified":"2024-03-12T17:02:52","modified_gmt":"2024-03-12T20:02:52","slug":"introducao-a-comunicacao-visual-o-que-e-e-por-que-sua-empresa-precisa","status":"publish","type":"post","link":"https:\/\/www.luminosossp.com.br\/blog\/introducao-a-comunicacao-visual-o-que-e-e-por-que-sua-empresa-precisa\/","title":{"rendered":"Introdu\u00e7\u00e3o \u00e0 comunica\u00e7\u00e3o visual: o que \u00e9 e por que sua empresa precisa"},"content":{"rendered":"<span class=\"rt-reading-time\" style=\"display: block;\"><span class=\"rt-label rt-prefix\">Tempo de leitura: <\/span> <span class=\"rt-time\">4<\/span> <span class=\"rt-label rt-postfix\">minutos<\/span><\/span>\n<p class=\"has-medium-font-size\"><strong>Venha conhecer tudo sobre a comunica\u00e7\u00e3o visual nesta introdu\u00e7\u00e3o completa sobre tudo que podemos oferecer aqui, na Luminosos SP.<\/strong><\/p>\n\n\n\n<p>Em um mundo saturado de informa\u00e7\u00f5es, onde a aten\u00e7\u00e3o \u00e9 fugaz e o tempo \u00e9 precioso, a comunica\u00e7\u00e3o visual emerge como uma ferramenta poderosa para se destacar e conquistar o p\u00fablico.<\/p>\n\n\n\n<p>Mais do que cores e formas, a comunica\u00e7\u00e3o visual \u00e9 uma linguagem estrat\u00e9gica que traduz a identidade da sua empresa, conecta com seus clientes e impulsiona seus resultados.<\/p>\n\n\n\n<p>Neste artigo, mergulharemos no universo da comunica\u00e7\u00e3o visual, explorando seus fundamentos, seu impacto no comportamento do consumidor e como ela pode ser utilizada para fortalecer sua marca e construir uma presen\u00e7a memor\u00e1vel no mercado.<\/p>\n\n\n\n<div id=\"ez-toc-container\" class=\"ez-toc-v2_0_62 counter-hierarchy ez-toc-counter ez-toc-grey ez-toc-container-direction\">\n<div class=\"ez-toc-title-container\">\n<p class=\"ez-toc-title \" >T&oacute;picos do artigo<\/p>\n<span class=\"ez-toc-title-toggle\"><a href=\"#\" class=\"ez-toc-pull-right ez-toc-btn ez-toc-btn-xs ez-toc-btn-default ez-toc-toggle\" aria-label=\"Toggle Table of Content\"><span class=\"ez-toc-js-icon-con\"><span class=\"\"><span class=\"eztoc-hide\" style=\"display:none;\">Toggle<\/span><span class=\"ez-toc-icon-toggle-span\"><svg style=\"fill: #999;color:#999\" xmlns=\"http:\/\/www.w3.org\/2000\/svg\" class=\"list-377408\" width=\"20px\" height=\"20px\" viewBox=\"0 0 24 24\" fill=\"none\"><path d=\"M6 6H4v2h2V6zm14 0H8v2h12V6zM4 11h2v2H4v-2zm16 0H8v2h12v-2zM4 16h2v2H4v-2zm16 0H8v2h12v-2z\" fill=\"currentColor\"><\/path><\/svg><svg style=\"fill: #999;color:#999\" class=\"arrow-unsorted-368013\" xmlns=\"http:\/\/www.w3.org\/2000\/svg\" width=\"10px\" height=\"10px\" viewBox=\"0 0 24 24\" version=\"1.2\" baseProfile=\"tiny\"><path d=\"M18.2 9.3l-6.2-6.3-6.2 6.3c-.2.2-.3.4-.3.7s.1.5.3.7c.2.2.4.3.7.3h11c.3 0 .5-.1.7-.3.2-.2.3-.5.3-.7s-.1-.5-.3-.7zM5.8 14.7l6.2 6.3 6.2-6.3c.2-.2.3-.5.3-.7s-.1-.5-.3-.7c-.2-.2-.4-.3-.7-.3h-11c-.3 0-.5.1-.7.3-.2.2-.3.5-.3.7s.1.5.3.7z\"\/><\/svg><\/span><\/span><\/span><\/a><\/span><\/div>\n<nav><ul class='ez-toc-list ez-toc-list-level-1 ' ><li class='ez-toc-page-1 ez-toc-heading-level-2'><a class=\"ez-toc-link ez-toc-heading-1\" href=\"https:\/\/www.luminosossp.com.br\/blog\/introducao-a-comunicacao-visual-o-que-e-e-por-que-sua-empresa-precisa\/#Conheca_os_detalhes_sobre_a_comunicacao_visual\" title=\"Conhe\u00e7a os detalhes sobre a comunica\u00e7\u00e3o visual\">Conhe\u00e7a os detalhes sobre a comunica\u00e7\u00e3o visual<\/a><\/li><li class='ez-toc-page-1 ez-toc-heading-level-2'><a class=\"ez-toc-link ez-toc-heading-2\" href=\"https:\/\/www.luminosossp.com.br\/blog\/introducao-a-comunicacao-visual-o-que-e-e-por-que-sua-empresa-precisa\/#Como_funciona_a_comunicacao_visual_aos_olhos_de_um_cliente\" title=\"Como funciona a comunica\u00e7\u00e3o visual aos olhos de um cliente?\">Como funciona a comunica\u00e7\u00e3o visual aos olhos de um cliente?<\/a><ul class='ez-toc-list-level-3' ><li class='ez-toc-heading-level-3'><a class=\"ez-toc-link ez-toc-heading-3\" href=\"https:\/\/www.luminosossp.com.br\/blog\/introducao-a-comunicacao-visual-o-que-e-e-por-que-sua-empresa-precisa\/#Comunicacao_corporativa_conheca_as_vantagens_de_conversar_com_seu_cliente\" title=\"Comunica\u00e7\u00e3o corporativa: conhe\u00e7a as vantagens de conversar com seu cliente\">Comunica\u00e7\u00e3o corporativa: conhe\u00e7a as vantagens de conversar com seu cliente<\/a><\/li><\/ul><\/li><li class='ez-toc-page-1 ez-toc-heading-level-2'><a class=\"ez-toc-link ez-toc-heading-4\" href=\"https:\/\/www.luminosossp.com.br\/blog\/introducao-a-comunicacao-visual-o-que-e-e-por-que-sua-empresa-precisa\/#Conheca_cases_de_sucesso_de_uma_boa_identidade_visual\" title=\"Conhe\u00e7a cases de sucesso de uma boa identidade visual\">Conhe\u00e7a cases de sucesso de uma boa identidade visual<\/a><\/li><li class='ez-toc-page-1 ez-toc-heading-level-2'><a class=\"ez-toc-link ez-toc-heading-5\" href=\"https:\/\/www.luminosossp.com.br\/blog\/introducao-a-comunicacao-visual-o-que-e-e-por-que-sua-empresa-precisa\/#Todos_os_beneficios_da_comunicacao_visual_da_Luminosos_SP\" title=\"Todos os benef\u00edcios da comunica\u00e7\u00e3o visual da Luminosos SP\">Todos os benef\u00edcios da comunica\u00e7\u00e3o visual da Luminosos SP<\/a><ul class='ez-toc-list-level-3' ><li class='ez-toc-heading-level-3'><a class=\"ez-toc-link ez-toc-heading-6\" href=\"https:\/\/www.luminosossp.com.br\/blog\/introducao-a-comunicacao-visual-o-que-e-e-por-que-sua-empresa-precisa\/#Venha_tracar_sua_estrategia_de_marca_com_a_Luminosos_SP\" title=\"Venha tra\u00e7ar sua estrat\u00e9gia de marca com a Luminosos SP!\">Venha tra\u00e7ar sua estrat\u00e9gia de marca com a Luminosos SP!<\/a><\/li><\/ul><\/li><\/ul><\/nav><\/div>\n<h2 class=\"wp-block-heading\"><span class=\"ez-toc-section\" id=\"Conheca_os_detalhes_sobre_a_comunicacao_visual\"><\/span>Conhe\u00e7a os detalhes sobre a comunica\u00e7\u00e3o visual<span class=\"ez-toc-section-end\"><\/span><\/h2>\n\n\n\n<p>A comunica\u00e7\u00e3o visual abrange tudo o que \u00e9 percebido visualmente por um indiv\u00edduo ao entrar em contato com uma marca, seja por meio de logotipos, cores, tipografia, design de embalagens, entre outros elementos.<\/p>\n\n\n\n<p>Ela \u00e9 uma parte essencial da identidade de uma empresa, pois \u00e9 respons\u00e1vel por transmitir seus valores, sua personalidade e sua mensagem ao p\u00fablico-alvo.<\/p>\n\n\n\n<p>Uma estrat\u00e9gia de comunica\u00e7\u00e3o visual eficaz deve ser coesa, consistente e alinhada com os objetivos da empresa.<\/p>\n\n\n\n<p>Desde o design do logo at\u00e9 a cria\u00e7\u00e3o de materiais de marketing, cada elemento visual deve ser pensado para criar uma experi\u00eancia \u00fanica e memor\u00e1vel para o cliente.<\/p>\n\n\n\n<h2 class=\"wp-block-heading\"><span class=\"ez-toc-section\" id=\"Como_funciona_a_comunicacao_visual_aos_olhos_de_um_cliente\"><\/span>Como funciona a comunica\u00e7\u00e3o visual aos olhos de um cliente?<span class=\"ez-toc-section-end\"><\/span><\/h2>\n\n\n\n<p>Para entender completamente o impacto da comunica\u00e7\u00e3o visual nos clientes, \u00e9 crucial analisar o processo pelo qual o c\u00e9rebro humano assimila as informa\u00e7\u00f5es visuais.<\/p>\n\n\n\n<p>Pesquisas indicam que o c\u00e9rebro processa imagens de maneira significativamente mais r\u00e1pida do que texto, conferindo \u00e0 comunica\u00e7\u00e3o visual um poder singular para atrair a aten\u00e7\u00e3o e transmitir mensagens de maneira eficaz.<\/p>\n\n\n<div class=\"wp-block-image is-style-rounded\">\n<figure class=\"alignright size-full is-resized\"><img loading=\"lazy\" decoding=\"async\" width=\"1080\" height=\"1080\" src=\"https:\/\/luminosossp.com.br\/blog\/wp-content\/uploads\/2024\/03\/letras-pvc-expandido.jpg\" alt=\"\" class=\"wp-image-38\" style=\"width:263px;height:auto\"\/><\/figure>\n<\/div>\n\n\n<p>Al\u00e9m disso, cores, formas e s\u00edmbolos possuem a capacidade de evocar emo\u00e7\u00f5es e estabelecer associa\u00e7\u00f5es instant\u00e2neas na mente do consumidor.<\/p>\n\n\n\n<p>Um logotipo habilmente concebido, por exemplo, pode comunicar confian\u00e7a, inova\u00e7\u00e3o ou tradi\u00e7\u00e3o unicamente por meio de sua express\u00e3o visual.<\/p>\n\n\n\n<p>Essa r\u00e1pida assimila\u00e7\u00e3o visual \u00e9 crucial em um mundo cada vez mais saturado de est\u00edmulos, onde a aten\u00e7\u00e3o do consumidor \u00e9 um recurso valioso e escasso.<\/p>\n\n\n\n<p>Portanto, investir em elementos visuais atrativos e impactantes pode ser determinante para diferenciar uma marca e estabelecer conex\u00f5es duradouras com o p\u00fablico-alvo.<\/p>\n\n\n\n<p>Em suma, compreender o papel da comunica\u00e7\u00e3o visual \u00e9 essencial para qualquer estrat\u00e9gia de marketing bem-sucedida, pois ela desempenha um papel fundamental na forma\u00e7\u00e3o da percep\u00e7\u00e3o do consumidor e na constru\u00e7\u00e3o de relacionamentos com a marca.<\/p>\n\n\n\n<h3 class=\"wp-block-heading\"><span class=\"ez-toc-section\" id=\"Comunicacao_corporativa_conheca_as_vantagens_de_conversar_com_seu_cliente\"><\/span>Comunica\u00e7\u00e3o corporativa: conhe\u00e7a as vantagens de conversar com seu cliente<span class=\"ez-toc-section-end\"><\/span><\/h3>\n\n\n\n<p>A comunica\u00e7\u00e3o visual \u00e9 um componente fundamental da comunica\u00e7\u00e3o corporativa, pois permite que a empresa se comunique com seus stakeholders de forma clara, eficaz e memor\u00e1vel.<\/p>\n\n\n<div class=\"wp-block-image is-style-rounded\">\n<figure class=\"aligncenter size-full is-resized\"><img loading=\"lazy\" decoding=\"async\" width=\"1280\" height=\"720\" src=\"https:\/\/luminosossp.com.br\/blog\/wp-content\/uploads\/2024\/03\/17.webp\" alt=\"\" class=\"wp-image-37\" style=\"width:295px;height:auto\"\/><\/figure>\n<\/div>\n\n\n<ul class=\"wp-block-list\">\n<li><strong>Fortalecimento da marca: <\/strong>a identidade visual consistente e bem elaborada contribui para a constru\u00e7\u00e3o de uma marca forte e memor\u00e1vel.<\/li>\n\n\n\n<li><strong>Diferencia\u00e7\u00e3o da concorr\u00eancia:<\/strong> em um mercado competitivo, a comunica\u00e7\u00e3o visual ajuda a empresa a se destacar dos concorrentes e conquistar espa\u00e7o na mente do consumidor.<\/li>\n\n\n\n<li><strong>Aumento da visibilidade:<\/strong> uma comunica\u00e7\u00e3o impactante aumenta a visibilidade da empresa em diferentes canais, como website, redes sociais, materiais impressos e eventos.<\/li>\n\n\n\n<li><strong>Engajamento do p\u00fablico:<\/strong> atrai a aten\u00e7\u00e3o do p\u00fablico e o engaja com a marca, criando uma experi\u00eancia mais rica e interativa.<\/li>\n\n\n\n<li><strong>Credibilidade e profissionalismo:<\/strong> uma comunica\u00e7\u00e3o visual profissional transmite confian\u00e7a e credibilidade para o p\u00fablico, aumentando a percep\u00e7\u00e3o de valor da empresa.<\/li>\n<\/ul>\n\n\n\n<h2 class=\"wp-block-heading\"><span class=\"ez-toc-section\" id=\"Conheca_cases_de_sucesso_de_uma_boa_identidade_visual\"><\/span>Conhe\u00e7a cases de sucesso de uma boa identidade visual<span class=\"ez-toc-section-end\"><\/span><\/h2>\n\n\n\n<p>A identidade visual \u00e9 a base da comunica\u00e7\u00e3o visual de uma empresa. Ela \u00e9 composta por elementos como logotipo, paleta de cores, tipografia e outros elementos visuais que representam a marca.<\/p>\n\n\n\n<p>Uma identidade visual bem elaborada \u00e9 fundamental para que a empresa se comunique de forma consistente e eficaz em todos os seus canais de comunica\u00e7\u00e3o.<\/p>\n\n\n\n<p>Alguns cases de sucesso de empresas que utilizaram a comunica\u00e7\u00e3o visual para se destacar no mercado:<\/p>\n\n\n<div class=\"wp-block-image is-style-rounded\">\n<figure class=\"aligncenter size-full is-resized\"><img loading=\"lazy\" decoding=\"async\" width=\"7095\" height=\"3546\" src=\"https:\/\/luminosossp.com.br\/blog\/wp-content\/uploads\/2024\/03\/cold-can-stands-against-red-droplets-hinting-frosty-touch-1.jpg\" alt=\"\" class=\"wp-image-40\" style=\"width:519px;height:auto\"\/><\/figure>\n<\/div>\n\n\n<ul class=\"wp-block-list\">\n<li><strong>Nike:<\/strong> a marca esportiva \u00e9 conhecida por sua identidade visual forte e impactante, que utiliza cores vibrantes, formas din\u00e2micas e um logotipo ic\u00f4nico.<\/li>\n\n\n\n<li><strong>Apple:<\/strong> a empresa de tecnologia \u00e9 refer\u00eancia em design e simplicidade. Sua identidade visual \u00e9 minimalista e elegante, transmitindo a imagem de uma marca inovadora e sofisticada.<\/li>\n\n\n\n<li><strong>Coca-Cola: <\/strong>a marca de refrigerantes \u00e9 um cl\u00e1ssico da comunica\u00e7\u00e3o visual. Sua identidade visual \u00e9 alegre e convidativa, utilizando cores vibrantes e um logotipo reconhec\u00edvel em todo o mundo.<\/li>\n<\/ul>\n\n\n\n<h2 class=\"wp-block-heading\"><span class=\"ez-toc-section\" id=\"Todos_os_beneficios_da_comunicacao_visual_da_Luminosos_SP\"><\/span>Todos os benef\u00edcios da comunica\u00e7\u00e3o visual da Luminosos SP<span class=\"ez-toc-section-end\"><\/span><\/h2>\n\n\n\n<p>Ao escolher a Luminosos SP como parceira em comunica\u00e7\u00e3o visual, sua empresa pode se beneficiar de uma s\u00e9rie de vantagens exclusivas.<\/p>\n\n\n\n<p>Desde a cria\u00e7\u00e3o de logos e identidades visuais at\u00e9 a produ\u00e7\u00e3o de materiais de marketing e sinaliza\u00e7\u00e3o, a Luminosos SP oferece solu\u00e7\u00f5es personalizadas e criativas para atender \u00e0s necessidades espec\u00edficas de cada cliente.<\/p>\n\n\n\n<p>Al\u00e9m disso, a Luminosos SP conta com uma equipe experiente e comprometida em oferecer um atendimento excepcional e resultados de alta qualidade.<\/p>\n\n\n\n<p>Com anos de experi\u00eancia no mercado e um compromisso com a inova\u00e7\u00e3o e a excel\u00eancia, a Luminosos SP \u00e9 a escolha ideal para empresas que buscam se destacar visualmente e conquistar seus clientes.<\/p>\n\n\n\n<h3 class=\"wp-block-heading\"><span class=\"ez-toc-section\" id=\"Venha_tracar_sua_estrategia_de_marca_com_a_Luminosos_SP\"><\/span>Venha tra\u00e7ar sua estrat\u00e9gia de marca com a Luminosos SP!<span class=\"ez-toc-section-end\"><\/span><\/h3>\n\n\n\n<p>Se voc\u00ea est\u00e1 pronto para levar a comunica\u00e7\u00e3o da sua empresa para o pr\u00f3ximo n\u00edvel, entre em contato com a Luminosos SP hoje mesmo.<\/p>\n\n\n\n<p>Nossa equipe est\u00e1 \u00e0 disposi\u00e7\u00e3o para entender suas necessidades, elaborar solu\u00e7\u00f5es criativas e ajudar sua empresa a alcan\u00e7ar todo o seu potencial visual. N\u00e3o perca mais tempo, venha fazer parte do sucesso com a Luminosos SP!<\/p>\n\n\n\n<p><a href=\"https:\/\/www.luminosossp.com.br\/contato\" target=\"_blank\" rel=\"noreferrer noopener\">Entre em contato<\/a> conosco por meio dos nossos canais de comunica\u00e7\u00e3o e se surpreenda completamente com tudo que podemos oferecer.<\/p>\n\n\n<div class=\"wp-block-image\">\n<figure class=\"aligncenter size-full\"><a href=\"https:\/\/www.luminosossp.com.br\/contato\" target=\"_blank\" rel=\"noreferrer noopener\"><img loading=\"lazy\" decoding=\"async\" width=\"750\" height=\"200\" src=\"https:\/\/luminosossp.com.br\/blog\/wp-content\/uploads\/2024\/03\/ctaentreemcontato.jpg\" alt=\"\" class=\"wp-image-32\"\/><\/a><\/figure>\n<\/div>\n\n\n<p>Gostou do conte\u00fado? Ent\u00e3o, leia mais artigos como esse em nosso <a href=\"https:\/\/luminosossp.com.br\/blog\/\" target=\"_blank\" rel=\"noreferrer noopener\">blog<\/a>!<\/p>\n","protected":false},"excerpt":{"rendered":"<p><span class=\"rt-reading-time\" style=\"display: block;\"><span class=\"rt-label rt-prefix\">Tempo de leitura: <\/span> <span class=\"rt-time\">4<\/span> <span class=\"rt-label rt-postfix\">minutos<\/span><\/span> Venha conhecer tudo sobre a comunica\u00e7\u00e3o visual nesta introdu\u00e7\u00e3o completa sobre tudo que podemos oferecer aqui, na Luminosos SP. Em um mundo saturado de informa\u00e7\u00f5es, onde a aten\u00e7\u00e3o \u00e9 fugaz e o tempo \u00e9 precioso, a comunica\u00e7\u00e3o visual emerge como &hellip; <\/p>\n","protected":false},"author":1,"featured_media":39,"comment_status":"open","ping_status":"open","sticky":false,"template":"","format":"standard","meta":{"footnotes":""},"categories":[71],"tags":[58,56,57,64,63,61,60,68,67,62,70,69,65,59,66],"class_list":["post-36","post","type-post","status-publish","format-standard","has-post-thumbnail","hentry","category-comunicacao-visual","tag-empresa-de-servicos-de-comunicacao-visual","tag-onde-encontrar-um-servicos-de-comunicacao-visual","tag-servicos-de-comunicacao-visual","tag-servicos-de-comunicacao-visual-em-promocao","tag-servicos-de-comunicacao-visual-em-santana","tag-servicos-de-comunicacao-visual-em-sao-paulo","tag-servicos-de-comunicacao-visual-em-sp","tag-servicos-de-comunicacao-visual-na-freguesia-do-o","tag-servicos-de-comunicacao-visual-na-vila-gustavo","tag-servicos-de-comunicacao-visual-na-zona-norte","tag-servicos-de-comunicacao-visual-no-bom-retiro","tag-servicos-de-comunicacao-visual-no-parque-novo-mundo","tag-servicos-de-comunicacao-visual-perto-de-mim","tag-servicos-de-comunicacao-visual-preco","tag-servicos-de-comunicacao-visual-proximo-a-mim"],"yoast_head":"<!-- This site is optimized with the Yoast SEO plugin v21.9 - https:\/\/yoast.com\/wordpress\/plugins\/seo\/ -->\n<title>Introdu\u00e7\u00e3o \u00e0 comunica\u00e7\u00e3o visual: o que \u00e9 e por que sua empresa precisa - Blog<\/title>\n<meta name=\"description\" content=\"Venha conhecer tudo sobre a comunica\u00e7\u00e3o visual nesta introdu\u00e7\u00e3o completa sobre tudo que podemos oferecer aqui, na Luminosos SP. Acesse nosso blog!\" \/>\n<meta name=\"robots\" content=\"index, follow, max-snippet:-1, max-image-preview:large, max-video-preview:-1\" \/>\n<link rel=\"canonical\" href=\"https:\/\/www.luminosossp.com.br\/blog\/introducao-a-comunicacao-visual-o-que-e-e-por-que-sua-empresa-precisa\/\" \/>\n<meta property=\"og:locale\" content=\"pt_BR\" \/>\n<meta property=\"og:type\" content=\"article\" \/>\n<meta property=\"og:title\" content=\"Introdu\u00e7\u00e3o \u00e0 comunica\u00e7\u00e3o visual: o que \u00e9 e por que sua empresa precisa - Blog\" \/>\n<meta property=\"og:description\" content=\"Venha conhecer tudo sobre a comunica\u00e7\u00e3o visual nesta introdu\u00e7\u00e3o completa sobre tudo que podemos oferecer aqui, na Luminosos SP. Acesse nosso blog!\" \/>\n<meta property=\"og:url\" content=\"https:\/\/www.luminosossp.com.br\/blog\/introducao-a-comunicacao-visual-o-que-e-e-por-que-sua-empresa-precisa\/\" \/>\n<meta property=\"og:site_name\" content=\"Blog\" \/>\n<meta property=\"article:published_time\" content=\"2024-03-12T20:02:15+00:00\" \/>\n<meta property=\"article:modified_time\" content=\"2024-03-12T20:02:52+00:00\" \/>\n<meta property=\"og:image\" content=\"https:\/\/www.luminosossp.com.br\/blog\/wp-content\/uploads\/2024\/03\/luminosos.jpg\" \/>\n\t<meta property=\"og:image:width\" content=\"960\" \/>\n\t<meta property=\"og:image:height\" content=\"640\" \/>\n\t<meta property=\"og:image:type\" content=\"image\/jpeg\" \/>\n<meta name=\"author\" content=\"admin\" \/>\n<meta name=\"twitter:card\" content=\"summary_large_image\" \/>\n<meta name=\"twitter:label1\" content=\"Escrito por\" \/>\n\t<meta name=\"twitter:data1\" content=\"admin\" \/>\n\t<meta name=\"twitter:label2\" content=\"Est. tempo de leitura\" \/>\n\t<meta name=\"twitter:data2\" content=\"7 minutos\" \/>\n<script type=\"application\/ld+json\" class=\"yoast-schema-graph\">{\"@context\":\"https:\/\/schema.org\",\"@graph\":[{\"@type\":\"Article\",\"@id\":\"https:\/\/www.luminosossp.com.br\/blog\/introducao-a-comunicacao-visual-o-que-e-e-por-que-sua-empresa-precisa\/#article\",\"isPartOf\":{\"@id\":\"https:\/\/www.luminosossp.com.br\/blog\/introducao-a-comunicacao-visual-o-que-e-e-por-que-sua-empresa-precisa\/\"},\"author\":{\"name\":\"admin\",\"@id\":\"https:\/\/www.luminosossp.com.br\/blog\/#\/schema\/person\/6d0a8f9ebbccf41c1478cada680f3e87\"},\"headline\":\"Introdu\u00e7\u00e3o \u00e0 comunica\u00e7\u00e3o visual: o que \u00e9 e por que sua empresa precisa\",\"datePublished\":\"2024-03-12T20:02:15+00:00\",\"dateModified\":\"2024-03-12T20:02:52+00:00\",\"mainEntityOfPage\":{\"@id\":\"https:\/\/www.luminosossp.com.br\/blog\/introducao-a-comunicacao-visual-o-que-e-e-por-que-sua-empresa-precisa\/\"},\"wordCount\":1031,\"commentCount\":0,\"publisher\":{\"@id\":\"https:\/\/www.luminosossp.com.br\/blog\/#organization\"},\"keywords\":[\"Empresa de Servi\u00e7os de comunica\u00e7\u00e3o visual\",\"Onde encontrar um Servi\u00e7os de comunica\u00e7\u00e3o visual\",\"Servi\u00e7os de comunica\u00e7\u00e3o visual\",\"Servi\u00e7os de comunica\u00e7\u00e3o visual em promo\u00e7\u00e3o\",\"Servi\u00e7os de comunica\u00e7\u00e3o visual em Santana\",\"Servi\u00e7os de comunica\u00e7\u00e3o visual em s\u00e3o paulo\",\"Servi\u00e7os de comunica\u00e7\u00e3o visual em SP\",\"Servi\u00e7os de comunica\u00e7\u00e3o visual na Freguesia do \u00d3\",\"Servi\u00e7os de comunica\u00e7\u00e3o visual na Vila Gustavo\",\"Servi\u00e7os de comunica\u00e7\u00e3o visual na zona norte\",\"Servi\u00e7os de comunica\u00e7\u00e3o visual no Bom Retiro\",\"Servi\u00e7os de comunica\u00e7\u00e3o visual no Parque Novo Mundo\",\"Servi\u00e7os de comunica\u00e7\u00e3o visual perto de mim\",\"Servi\u00e7os de comunica\u00e7\u00e3o visual pre\u00e7o\",\"Servi\u00e7os de comunica\u00e7\u00e3o visual pr\u00f3ximo a mim\"],\"articleSection\":[\"Comunica\u00e7\u00e3o visual\"],\"inLanguage\":\"pt-BR\",\"potentialAction\":[{\"@type\":\"CommentAction\",\"name\":\"Comment\",\"target\":[\"https:\/\/www.luminosossp.com.br\/blog\/introducao-a-comunicacao-visual-o-que-e-e-por-que-sua-empresa-precisa\/#respond\"]}]},{\"@type\":\"WebPage\",\"@id\":\"https:\/\/www.luminosossp.com.br\/blog\/introducao-a-comunicacao-visual-o-que-e-e-por-que-sua-empresa-precisa\/\",\"url\":\"https:\/\/www.luminosossp.com.br\/blog\/introducao-a-comunicacao-visual-o-que-e-e-por-que-sua-empresa-precisa\/\",\"name\":\"Introdu\u00e7\u00e3o \u00e0 comunica\u00e7\u00e3o visual: o que \u00e9 e por que sua empresa precisa - Blog\",\"isPartOf\":{\"@id\":\"https:\/\/www.luminosossp.com.br\/blog\/#website\"},\"datePublished\":\"2024-03-12T20:02:15+00:00\",\"dateModified\":\"2024-03-12T20:02:52+00:00\",\"description\":\"Venha conhecer tudo sobre a comunica\u00e7\u00e3o visual nesta introdu\u00e7\u00e3o completa sobre tudo que podemos oferecer aqui, na Luminosos SP. Acesse nosso blog!\",\"breadcrumb\":{\"@id\":\"https:\/\/www.luminosossp.com.br\/blog\/introducao-a-comunicacao-visual-o-que-e-e-por-que-sua-empresa-precisa\/#breadcrumb\"},\"inLanguage\":\"pt-BR\",\"potentialAction\":[{\"@type\":\"ReadAction\",\"target\":[\"https:\/\/www.luminosossp.com.br\/blog\/introducao-a-comunicacao-visual-o-que-e-e-por-que-sua-empresa-precisa\/\"]}]},{\"@type\":\"BreadcrumbList\",\"@id\":\"https:\/\/www.luminosossp.com.br\/blog\/introducao-a-comunicacao-visual-o-que-e-e-por-que-sua-empresa-precisa\/#breadcrumb\",\"itemListElement\":[{\"@type\":\"ListItem\",\"position\":1,\"name\":\"In\u00edcio\",\"item\":\"https:\/\/www.luminosossp.com.br\/blog\/\"},{\"@type\":\"ListItem\",\"position\":2,\"name\":\"Introdu\u00e7\u00e3o \u00e0 comunica\u00e7\u00e3o visual: o que \u00e9 e por que sua empresa precisa\"}]},{\"@type\":\"WebSite\",\"@id\":\"https:\/\/www.luminosossp.com.br\/blog\/#website\",\"url\":\"https:\/\/www.luminosossp.com.br\/blog\/\",\"name\":\"Blog\",\"description\":\"Luminosossp\",\"publisher\":{\"@id\":\"https:\/\/www.luminosossp.com.br\/blog\/#organization\"},\"potentialAction\":[{\"@type\":\"SearchAction\",\"target\":{\"@type\":\"EntryPoint\",\"urlTemplate\":\"https:\/\/www.luminosossp.com.br\/blog\/?s={search_term_string}\"},\"query-input\":\"required name=search_term_string\"}],\"inLanguage\":\"pt-BR\"},{\"@type\":\"Organization\",\"@id\":\"https:\/\/www.luminosossp.com.br\/blog\/#organization\",\"name\":\"Blog\",\"url\":\"https:\/\/www.luminosossp.com.br\/blog\/\",\"logo\":{\"@type\":\"ImageObject\",\"inLanguage\":\"pt-BR\",\"@id\":\"https:\/\/www.luminosossp.com.br\/blog\/#\/schema\/logo\/image\/\",\"url\":\"https:\/\/www.luminosossp.com.br\/blog\/wp-content\/uploads\/2024\/01\/logo-6.png\",\"contentUrl\":\"https:\/\/www.luminosossp.com.br\/blog\/wp-content\/uploads\/2024\/01\/logo-6.png\",\"width\":150,\"height\":150,\"caption\":\"Blog\"},\"image\":{\"@id\":\"https:\/\/www.luminosossp.com.br\/blog\/#\/schema\/logo\/image\/\"}},{\"@type\":\"Person\",\"@id\":\"https:\/\/www.luminosossp.com.br\/blog\/#\/schema\/person\/6d0a8f9ebbccf41c1478cada680f3e87\",\"name\":\"admin\",\"image\":{\"@type\":\"ImageObject\",\"inLanguage\":\"pt-BR\",\"@id\":\"https:\/\/www.luminosossp.com.br\/blog\/#\/schema\/person\/image\/\",\"url\":\"https:\/\/secure.gravatar.com\/avatar\/94d94992e5dcccff24919365b24c228f2dc818bb6650ab086de97177901f17db?s=96&d=mm&r=g\",\"contentUrl\":\"https:\/\/secure.gravatar.com\/avatar\/94d94992e5dcccff24919365b24c228f2dc818bb6650ab086de97177901f17db?s=96&d=mm&r=g\",\"caption\":\"admin\"},\"sameAs\":[\"https:\/\/luminosossp.com.br\/blog\"],\"url\":\"https:\/\/www.luminosossp.com.br\/blog\/author\/admin\/\"}]}<\/script>\n<!-- \/ Yoast SEO plugin. -->","yoast_head_json":{"title":"Introdu\u00e7\u00e3o \u00e0 comunica\u00e7\u00e3o visual: o que \u00e9 e por que sua empresa precisa - Blog","description":"Venha conhecer tudo sobre a comunica\u00e7\u00e3o visual nesta introdu\u00e7\u00e3o completa sobre tudo que podemos oferecer aqui, na Luminosos SP. Acesse nosso blog!","robots":{"index":"index","follow":"follow","max-snippet":"max-snippet:-1","max-image-preview":"max-image-preview:large","max-video-preview":"max-video-preview:-1"},"canonical":"https:\/\/www.luminosossp.com.br\/blog\/introducao-a-comunicacao-visual-o-que-e-e-por-que-sua-empresa-precisa\/","og_locale":"pt_BR","og_type":"article","og_title":"Introdu\u00e7\u00e3o \u00e0 comunica\u00e7\u00e3o visual: o que \u00e9 e por que sua empresa precisa - Blog","og_description":"Venha conhecer tudo sobre a comunica\u00e7\u00e3o visual nesta introdu\u00e7\u00e3o completa sobre tudo que podemos oferecer aqui, na Luminosos SP. Acesse nosso blog!","og_url":"https:\/\/www.luminosossp.com.br\/blog\/introducao-a-comunicacao-visual-o-que-e-e-por-que-sua-empresa-precisa\/","og_site_name":"Blog","article_published_time":"2024-03-12T20:02:15+00:00","article_modified_time":"2024-03-12T20:02:52+00:00","og_image":[{"width":960,"height":640,"url":"https:\/\/www.luminosossp.com.br\/blog\/wp-content\/uploads\/2024\/03\/luminosos.jpg","type":"image\/jpeg"}],"author":"admin","twitter_card":"summary_large_image","twitter_misc":{"Escrito por":"admin","Est. tempo de leitura":"7 minutos"},"schema":{"@context":"https:\/\/schema.org","@graph":[{"@type":"Article","@id":"https:\/\/www.luminosossp.com.br\/blog\/introducao-a-comunicacao-visual-o-que-e-e-por-que-sua-empresa-precisa\/#article","isPartOf":{"@id":"https:\/\/www.luminosossp.com.br\/blog\/introducao-a-comunicacao-visual-o-que-e-e-por-que-sua-empresa-precisa\/"},"author":{"name":"admin","@id":"https:\/\/www.luminosossp.com.br\/blog\/#\/schema\/person\/6d0a8f9ebbccf41c1478cada680f3e87"},"headline":"Introdu\u00e7\u00e3o \u00e0 comunica\u00e7\u00e3o visual: o que \u00e9 e por que sua empresa precisa","datePublished":"2024-03-12T20:02:15+00:00","dateModified":"2024-03-12T20:02:52+00:00","mainEntityOfPage":{"@id":"https:\/\/www.luminosossp.com.br\/blog\/introducao-a-comunicacao-visual-o-que-e-e-por-que-sua-empresa-precisa\/"},"wordCount":1031,"commentCount":0,"publisher":{"@id":"https:\/\/www.luminosossp.com.br\/blog\/#organization"},"keywords":["Empresa de Servi\u00e7os de comunica\u00e7\u00e3o visual","Onde encontrar um Servi\u00e7os de comunica\u00e7\u00e3o visual","Servi\u00e7os de comunica\u00e7\u00e3o visual","Servi\u00e7os de comunica\u00e7\u00e3o visual em promo\u00e7\u00e3o","Servi\u00e7os de comunica\u00e7\u00e3o visual em Santana","Servi\u00e7os de comunica\u00e7\u00e3o visual em s\u00e3o paulo","Servi\u00e7os de comunica\u00e7\u00e3o visual em SP","Servi\u00e7os de comunica\u00e7\u00e3o visual na Freguesia do \u00d3","Servi\u00e7os de comunica\u00e7\u00e3o visual na Vila Gustavo","Servi\u00e7os de comunica\u00e7\u00e3o visual na zona norte","Servi\u00e7os de comunica\u00e7\u00e3o visual no Bom Retiro","Servi\u00e7os de comunica\u00e7\u00e3o visual no Parque Novo Mundo","Servi\u00e7os de comunica\u00e7\u00e3o visual perto de mim","Servi\u00e7os de comunica\u00e7\u00e3o visual pre\u00e7o","Servi\u00e7os de comunica\u00e7\u00e3o visual pr\u00f3ximo a mim"],"articleSection":["Comunica\u00e7\u00e3o visual"],"inLanguage":"pt-BR","potentialAction":[{"@type":"CommentAction","name":"Comment","target":["https:\/\/www.luminosossp.com.br\/blog\/introducao-a-comunicacao-visual-o-que-e-e-por-que-sua-empresa-precisa\/#respond"]}]},{"@type":"WebPage","@id":"https:\/\/www.luminosossp.com.br\/blog\/introducao-a-comunicacao-visual-o-que-e-e-por-que-sua-empresa-precisa\/","url":"https:\/\/www.luminosossp.com.br\/blog\/introducao-a-comunicacao-visual-o-que-e-e-por-que-sua-empresa-precisa\/","name":"Introdu\u00e7\u00e3o \u00e0 comunica\u00e7\u00e3o visual: o que \u00e9 e por que sua empresa precisa - Blog","isPartOf":{"@id":"https:\/\/www.luminosossp.com.br\/blog\/#website"},"datePublished":"2024-03-12T20:02:15+00:00","dateModified":"2024-03-12T20:02:52+00:00","description":"Venha conhecer tudo sobre a comunica\u00e7\u00e3o visual nesta introdu\u00e7\u00e3o completa sobre tudo que podemos oferecer aqui, na Luminosos SP. Acesse nosso blog!","breadcrumb":{"@id":"https:\/\/www.luminosossp.com.br\/blog\/introducao-a-comunicacao-visual-o-que-e-e-por-que-sua-empresa-precisa\/#breadcrumb"},"inLanguage":"pt-BR","potentialAction":[{"@type":"ReadAction","target":["https:\/\/www.luminosossp.com.br\/blog\/introducao-a-comunicacao-visual-o-que-e-e-por-que-sua-empresa-precisa\/"]}]},{"@type":"BreadcrumbList","@id":"https:\/\/www.luminosossp.com.br\/blog\/introducao-a-comunicacao-visual-o-que-e-e-por-que-sua-empresa-precisa\/#breadcrumb","itemListElement":[{"@type":"ListItem","position":1,"name":"In\u00edcio","item":"https:\/\/www.luminosossp.com.br\/blog\/"},{"@type":"ListItem","position":2,"name":"Introdu\u00e7\u00e3o \u00e0 comunica\u00e7\u00e3o visual: o que \u00e9 e por que sua empresa precisa"}]},{"@type":"WebSite","@id":"https:\/\/www.luminosossp.com.br\/blog\/#website","url":"https:\/\/www.luminosossp.com.br\/blog\/","name":"Blog","description":"Luminosossp","publisher":{"@id":"https:\/\/www.luminosossp.com.br\/blog\/#organization"},"potentialAction":[{"@type":"SearchAction","target":{"@type":"EntryPoint","urlTemplate":"https:\/\/www.luminosossp.com.br\/blog\/?s={search_term_string}"},"query-input":"required name=search_term_string"}],"inLanguage":"pt-BR"},{"@type":"Organization","@id":"https:\/\/www.luminosossp.com.br\/blog\/#organization","name":"Blog","url":"https:\/\/www.luminosossp.com.br\/blog\/","logo":{"@type":"ImageObject","inLanguage":"pt-BR","@id":"https:\/\/www.luminosossp.com.br\/blog\/#\/schema\/logo\/image\/","url":"https:\/\/www.luminosossp.com.br\/blog\/wp-content\/uploads\/2024\/01\/logo-6.png","contentUrl":"https:\/\/www.luminosossp.com.br\/blog\/wp-content\/uploads\/2024\/01\/logo-6.png","width":150,"height":150,"caption":"Blog"},"image":{"@id":"https:\/\/www.luminosossp.com.br\/blog\/#\/schema\/logo\/image\/"}},{"@type":"Person","@id":"https:\/\/www.luminosossp.com.br\/blog\/#\/schema\/person\/6d0a8f9ebbccf41c1478cada680f3e87","name":"admin","image":{"@type":"ImageObject","inLanguage":"pt-BR","@id":"https:\/\/www.luminosossp.com.br\/blog\/#\/schema\/person\/image\/","url":"https:\/\/secure.gravatar.com\/avatar\/94d94992e5dcccff24919365b24c228f2dc818bb6650ab086de97177901f17db?s=96&d=mm&r=g","contentUrl":"https:\/\/secure.gravatar.com\/avatar\/94d94992e5dcccff24919365b24c228f2dc818bb6650ab086de97177901f17db?s=96&d=mm&r=g","caption":"admin"},"sameAs":["https:\/\/luminosossp.com.br\/blog"],"url":"https:\/\/www.luminosossp.com.br\/blog\/author\/admin\/"}]}},"_links":{"self":[{"href":"https:\/\/www.luminosossp.com.br\/blog\/wp-json\/wp\/v2\/posts\/36","targetHints":{"allow":["GET"]}}],"collection":[{"href":"https:\/\/www.luminosossp.com.br\/blog\/wp-json\/wp\/v2\/posts"}],"about":[{"href":"https:\/\/www.luminosossp.com.br\/blog\/wp-json\/wp\/v2\/types\/post"}],"author":[{"embeddable":true,"href":"https:\/\/www.luminosossp.com.br\/blog\/wp-json\/wp\/v2\/users\/1"}],"replies":[{"embeddable":true,"href":"https:\/\/www.luminosossp.com.br\/blog\/wp-json\/wp\/v2\/comments?post=36"}],"version-history":[{"count":1,"href":"https:\/\/www.luminosossp.com.br\/blog\/wp-json\/wp\/v2\/posts\/36\/revisions"}],"predecessor-version":[{"id":41,"href":"https:\/\/www.luminosossp.com.br\/blog\/wp-json\/wp\/v2\/posts\/36\/revisions\/41"}],"wp:featuredmedia":[{"embeddable":true,"href":"https:\/\/www.luminosossp.com.br\/blog\/wp-json\/wp\/v2\/media\/39"}],"wp:attachment":[{"href":"https:\/\/www.luminosossp.com.br\/blog\/wp-json\/wp\/v2\/media?parent=36"}],"wp:term":[{"taxonomy":"category","embeddable":true,"href":"https:\/\/www.luminosossp.com.br\/blog\/wp-json\/wp\/v2\/categories?post=36"},{"taxonomy":"post_tag","embeddable":true,"href":"https:\/\/www.luminosossp.com.br\/blog\/wp-json\/wp\/v2\/tags?post=36"}],"curies":[{"name":"wp","href":"https:\/\/api.w.org\/{rel}","templated":true}]}}