{"id":232,"date":"2025-02-04T14:22:03","date_gmt":"2025-02-04T17:22:03","guid":{"rendered":"https:\/\/www.luminosossp.com.br\/blog\/?p=232"},"modified":"2025-02-04T14:22:59","modified_gmt":"2025-02-04T17:22:59","slug":"toldos-e-coberturas-personalizadas-funcionalidade-e-estilo-para-seu-espaco","status":"publish","type":"post","link":"https:\/\/www.luminosossp.com.br\/blog\/toldos-e-coberturas-personalizadas-funcionalidade-e-estilo-para-seu-espaco\/","title":{"rendered":"Toldos e coberturas personalizadas: funcionalidade e estilo para seu espa\u00e7o"},"content":{"rendered":"<span class=\"rt-reading-time\" style=\"display: block;\"><span class=\"rt-label rt-prefix\">Tempo de leitura: <\/span> <span class=\"rt-time\">3<\/span> <span class=\"rt-label rt-postfix\">minutos<\/span><\/span>\n<p><strong><em>Toldos e coberturas personalizadas trazem prote\u00e7\u00e3o, conforto e estilo para qualquer ambiente, unindo funcionalidade e est\u00e9tica de forma eficiente.<\/em><\/strong><\/p>\n\n\n\n<p>Os <strong>toldos e coberturas personalizadas<\/strong> s\u00e3o solu\u00e7\u00f5es ideais para quem deseja aliar prote\u00e7\u00e3o e design em \u00e1reas externas. Com diferentes materiais e estilos, essas estruturas oferecem sombra, prote\u00e7\u00e3o contra chuvas e valorizam visualmente o ambiente.<\/p>\n\n\n\n<p>Seja para resid\u00eancias, com\u00e9rcios ou espa\u00e7os industriais, a escolha de <strong>toldos personalizados<\/strong> e <strong>coberturas personalizadas<\/strong> pode transformar completamente o local, tornando-o mais funcional e sofisticado.<\/p>\n\n\n\n<p><a href=\"https:\/\/www.luminosossp.com.br\/blog\/a-arte-do-envelopamento-de-frota-como-transformar-seus-veiculos-em-midia-movel\/\">A arte do envelopamento de frota: Como transformar seus ve\u00edculos em m\u00eddia m\u00f3vel<\/a><\/p>\n\n\n\n<div id=\"ez-toc-container\" class=\"ez-toc-v2_0_62 counter-hierarchy ez-toc-counter ez-toc-grey ez-toc-container-direction\">\n<div class=\"ez-toc-title-container\">\n<p class=\"ez-toc-title \" >T&oacute;picos do artigo<\/p>\n<span class=\"ez-toc-title-toggle\"><a href=\"#\" class=\"ez-toc-pull-right ez-toc-btn ez-toc-btn-xs ez-toc-btn-default ez-toc-toggle\" aria-label=\"Toggle Table of Content\"><span class=\"ez-toc-js-icon-con\"><span class=\"\"><span class=\"eztoc-hide\" style=\"display:none;\">Toggle<\/span><span class=\"ez-toc-icon-toggle-span\"><svg style=\"fill: #999;color:#999\" xmlns=\"http:\/\/www.w3.org\/2000\/svg\" class=\"list-377408\" width=\"20px\" height=\"20px\" viewBox=\"0 0 24 24\" fill=\"none\"><path d=\"M6 6H4v2h2V6zm14 0H8v2h12V6zM4 11h2v2H4v-2zm16 0H8v2h12v-2zM4 16h2v2H4v-2zm16 0H8v2h12v-2z\" fill=\"currentColor\"><\/path><\/svg><svg style=\"fill: #999;color:#999\" class=\"arrow-unsorted-368013\" xmlns=\"http:\/\/www.w3.org\/2000\/svg\" width=\"10px\" height=\"10px\" viewBox=\"0 0 24 24\" version=\"1.2\" baseProfile=\"tiny\"><path d=\"M18.2 9.3l-6.2-6.3-6.2 6.3c-.2.2-.3.4-.3.7s.1.5.3.7c.2.2.4.3.7.3h11c.3 0 .5-.1.7-.3.2-.2.3-.5.3-.7s-.1-.5-.3-.7zM5.8 14.7l6.2 6.3 6.2-6.3c.2-.2.3-.5.3-.7s-.1-.5-.3-.7c-.2-.2-.4-.3-.7-.3h-11c-.3 0-.5.1-.7.3-.2.2-.3.5-.3.7s.1.5.3.7z\"\/><\/svg><\/span><\/span><\/span><\/a><\/span><\/div>\n<nav><ul class='ez-toc-list ez-toc-list-level-1 ' ><li class='ez-toc-page-1 ez-toc-heading-level-2'><a class=\"ez-toc-link ez-toc-heading-1\" href=\"https:\/\/www.luminosossp.com.br\/blog\/toldos-e-coberturas-personalizadas-funcionalidade-e-estilo-para-seu-espaco\/#O_que_sao_toldos_e_coberturas_personalizadas\" title=\"O que s\u00e3o toldos e coberturas personalizadas?\">O que s\u00e3o toldos e coberturas personalizadas?<\/a><\/li><li class='ez-toc-page-1 ez-toc-heading-level-2'><a class=\"ez-toc-link ez-toc-heading-2\" href=\"https:\/\/www.luminosossp.com.br\/blog\/toldos-e-coberturas-personalizadas-funcionalidade-e-estilo-para-seu-espaco\/#Beneficios_dos_toldos_e_coberturas_personalizadas\" title=\"Benef\u00edcios dos toldos e coberturas personalizadas\">Benef\u00edcios dos toldos e coberturas personalizadas<\/a><ul class='ez-toc-list-level-3' ><li class='ez-toc-heading-level-3'><a class=\"ez-toc-link ez-toc-heading-3\" href=\"https:\/\/www.luminosossp.com.br\/blog\/toldos-e-coberturas-personalizadas-funcionalidade-e-estilo-para-seu-espaco\/#Protecao_contra_o_clima\" title=\"Prote\u00e7\u00e3o contra o clima\">Prote\u00e7\u00e3o contra o clima<\/a><\/li><li class='ez-toc-page-1 ez-toc-heading-level-3'><a class=\"ez-toc-link ez-toc-heading-4\" href=\"https:\/\/www.luminosossp.com.br\/blog\/toldos-e-coberturas-personalizadas-funcionalidade-e-estilo-para-seu-espaco\/#Valorizacao_estetica\" title=\"Valoriza\u00e7\u00e3o est\u00e9tica\">Valoriza\u00e7\u00e3o est\u00e9tica<\/a><\/li><li class='ez-toc-page-1 ez-toc-heading-level-3'><a class=\"ez-toc-link ez-toc-heading-5\" href=\"https:\/\/www.luminosossp.com.br\/blog\/toldos-e-coberturas-personalizadas-funcionalidade-e-estilo-para-seu-espaco\/#Economia_de_energia\" title=\"Economia de energia\">Economia de energia<\/a><\/li><li class='ez-toc-page-1 ez-toc-heading-level-3'><a class=\"ez-toc-link ez-toc-heading-6\" href=\"https:\/\/www.luminosossp.com.br\/blog\/toldos-e-coberturas-personalizadas-funcionalidade-e-estilo-para-seu-espaco\/#Maior_conforto_e_privacidade\" title=\"Maior conforto e privacidade\">Maior conforto e privacidade<\/a><\/li><\/ul><\/li><li class='ez-toc-page-1 ez-toc-heading-level-2'><a class=\"ez-toc-link ez-toc-heading-7\" href=\"https:\/\/www.luminosossp.com.br\/blog\/toldos-e-coberturas-personalizadas-funcionalidade-e-estilo-para-seu-espaco\/#Principais_tipos_de_toldos_e_coberturas_personalizadas\" title=\"Principais tipos de toldos e coberturas personalizadas\">Principais tipos de toldos e coberturas personalizadas<\/a><ul class='ez-toc-list-level-3' ><li class='ez-toc-heading-level-3'><a class=\"ez-toc-link ez-toc-heading-8\" href=\"https:\/\/www.luminosossp.com.br\/blog\/toldos-e-coberturas-personalizadas-funcionalidade-e-estilo-para-seu-espaco\/#Toldos_retrateis\" title=\"Toldos retr\u00e1teis\">Toldos retr\u00e1teis<\/a><\/li><li class='ez-toc-page-1 ez-toc-heading-level-3'><a class=\"ez-toc-link ez-toc-heading-9\" href=\"https:\/\/www.luminosossp.com.br\/blog\/toldos-e-coberturas-personalizadas-funcionalidade-e-estilo-para-seu-espaco\/#Toldos_fixos\" title=\"Toldos fixos\">Toldos fixos<\/a><\/li><li class='ez-toc-page-1 ez-toc-heading-level-3'><a class=\"ez-toc-link ez-toc-heading-10\" href=\"https:\/\/www.luminosossp.com.br\/blog\/toldos-e-coberturas-personalizadas-funcionalidade-e-estilo-para-seu-espaco\/#Coberturas_de_policarbonato\" title=\"Coberturas de policarbonato\">Coberturas de policarbonato<\/a><\/li><li class='ez-toc-page-1 ez-toc-heading-level-3'><a class=\"ez-toc-link ez-toc-heading-11\" href=\"https:\/\/www.luminosossp.com.br\/blog\/toldos-e-coberturas-personalizadas-funcionalidade-e-estilo-para-seu-espaco\/#Coberturas_de_vidro\" title=\"Coberturas de vidro\">Coberturas de vidro<\/a><\/li><li class='ez-toc-page-1 ez-toc-heading-level-3'><a class=\"ez-toc-link ez-toc-heading-12\" href=\"https:\/\/www.luminosossp.com.br\/blog\/toldos-e-coberturas-personalizadas-funcionalidade-e-estilo-para-seu-espaco\/#Coberturas_metalicas\" title=\"Coberturas met\u00e1licas\">Coberturas met\u00e1licas<\/a><\/li><\/ul><\/li><li class='ez-toc-page-1 ez-toc-heading-level-2'><a class=\"ez-toc-link ez-toc-heading-13\" href=\"https:\/\/www.luminosossp.com.br\/blog\/toldos-e-coberturas-personalizadas-funcionalidade-e-estilo-para-seu-espaco\/#Como_escolher_a_melhor_opcao_para_seu_espaco\" title=\"Como escolher a melhor op\u00e7\u00e3o para seu espa\u00e7o\">Como escolher a melhor op\u00e7\u00e3o para seu espa\u00e7o<\/a><\/li><li class='ez-toc-page-1 ez-toc-heading-level-2'><a class=\"ez-toc-link ez-toc-heading-14\" href=\"https:\/\/www.luminosossp.com.br\/blog\/toldos-e-coberturas-personalizadas-funcionalidade-e-estilo-para-seu-espaco\/#Luminosos_SP_qualidade_e_personalizacao_para_o_seu_projeto\" title=\"Luminosos SP: qualidade e personaliza\u00e7\u00e3o para o seu projeto\">Luminosos SP: qualidade e personaliza\u00e7\u00e3o para o seu projeto<\/a><ul class='ez-toc-list-level-3' ><li class='ez-toc-heading-level-3'><a class=\"ez-toc-link ez-toc-heading-15\" href=\"https:\/\/www.luminosossp.com.br\/blog\/toldos-e-coberturas-personalizadas-funcionalidade-e-estilo-para-seu-espaco\/#Invista_em_toldos_e_coberturas_personalizadas_e_transforme_seu_ambiente\" title=\"Invista em toldos e coberturas personalizadas e transforme seu ambiente\">Invista em toldos e coberturas personalizadas e transforme seu ambiente<\/a><\/li><\/ul><\/li><\/ul><\/nav><\/div>\n<h2 class=\"wp-block-heading\"><span class=\"ez-toc-section\" id=\"O_que_sao_toldos_e_coberturas_personalizadas\"><\/span>O que s\u00e3o toldos e coberturas personalizadas?<span class=\"ez-toc-section-end\"><\/span><\/h2>\n\n\n\n<p>Os toldos e coberturas s\u00e3o estruturas projetadas para proteger espa\u00e7os contra as intemp\u00e9ries clim\u00e1ticas, como sol intenso e chuvas. Al\u00e9m de seu car\u00e1ter funcional, eles tamb\u00e9m desempenham um papel importante na est\u00e9tica dos ambientes.<\/p>\n\n\n\n<p>A principal diferen\u00e7a entre toldos e coberturas est\u00e1 na forma como s\u00e3o instalados e utilizados. Enquanto os toldos geralmente s\u00e3o m\u00f3veis ou retr\u00e1teis, permitindo ajustes conforme a necessidade, as coberturas costumam ser fixas, proporcionando uma prote\u00e7\u00e3o cont\u00ednua.<\/p>\n\n\n\n<p>O diferencial das <strong>coberturas personalizadas<\/strong> est\u00e1 na possibilidade de adapta\u00e7\u00e3o ao estilo do ambiente e \u00e0s necessidades do cliente. Desde modelos retr\u00e1teis at\u00e9 coberturas fixas em vidro ou policarbonato, h\u00e1 in\u00fameras op\u00e7\u00f5es para atender diferentes demandas.<\/p>\n\n\n\n<h2 class=\"wp-block-heading\"><span class=\"ez-toc-section\" id=\"Beneficios_dos_toldos_e_coberturas_personalizadas\"><\/span>Benef\u00edcios dos toldos e coberturas personalizadas<span class=\"ez-toc-section-end\"><\/span><\/h2>\n\n\n\n<p>Investir em <strong>toldos personalizados<\/strong> e <strong>coberturas personalizadas<\/strong> traz vantagens tanto para ambientes residenciais quanto comerciais.<\/p>\n\n\n\n<h3 class=\"wp-block-heading\"><span class=\"ez-toc-section\" id=\"Protecao_contra_o_clima\"><\/span>Prote\u00e7\u00e3o contra o clima<span class=\"ez-toc-section-end\"><\/span><\/h3>\n\n\n\n<p>Um dos maiores benef\u00edcios dessas estruturas \u00e9 a prote\u00e7\u00e3o contra raios solares, chuvas e ventos. Toldos retr\u00e1teis, por exemplo, permitem regular a entrada de luz e calor conforme necess\u00e1rio, tornando o espa\u00e7o mais agrad\u00e1vel em todas as esta\u00e7\u00f5es.<\/p>\n\n\n\n<h3 class=\"wp-block-heading\"><span class=\"ez-toc-section\" id=\"Valorizacao_estetica\"><\/span>Valoriza\u00e7\u00e3o est\u00e9tica<span class=\"ez-toc-section-end\"><\/span><\/h3>\n\n\n\n<p>Al\u00e9m da funcionalidade, toldos e coberturas agregam valor est\u00e9tico ao ambiente. Modelos modernos e bem projetados podem transformar fachadas, \u00e1reas de lazer e espa\u00e7os comerciais, deixando-os mais sofisticados e convidativos.<\/p>\n\n\n\n<h3 class=\"wp-block-heading\"><span class=\"ez-toc-section\" id=\"Economia_de_energia\"><\/span>Economia de energia<span class=\"ez-toc-section-end\"><\/span><\/h3>\n\n\n\n<p>Ao bloquear a incid\u00eancia direta do sol, os toldos ajudam a reduzir a temperatura interna de um ambiente, diminuindo o uso de ar-condicionado e ventiladores. Esse efeito gera economia de energia e torna os espa\u00e7os mais sustent\u00e1veis.<\/p>\n\n\n\n<h3 class=\"wp-block-heading\"><span class=\"ez-toc-section\" id=\"Maior_conforto_e_privacidade\"><\/span>Maior conforto e privacidade<span class=\"ez-toc-section-end\"><\/span><\/h3>\n\n\n\n<p>Para quem deseja um ambiente mais privativo e confort\u00e1vel, as coberturas personalizadas criam \u00e1reas reservadas, protegendo contra olhares externos e proporcionando um espa\u00e7o mais aconchegante.<\/p>\n\n\n\n<h2 class=\"wp-block-heading\"><span class=\"ez-toc-section\" id=\"Principais_tipos_de_toldos_e_coberturas_personalizadas\"><\/span>Principais tipos de toldos e coberturas personalizadas<span class=\"ez-toc-section-end\"><\/span><\/h2>\n\n\n\n<p>Existem diversos modelos dispon\u00edveis no mercado, cada um indicado para diferentes necessidades e estilos.<\/p>\n\n\n\n<h3 class=\"wp-block-heading\"><span class=\"ez-toc-section\" id=\"Toldos_retrateis\"><\/span>Toldos retr\u00e1teis<span class=\"ez-toc-section-end\"><\/span><\/h3>\n\n\n\n<p>S\u00e3o modelos ajust\u00e1veis que podem ser recolhidos quando n\u00e3o est\u00e3o em uso. Ideais para varandas, sacadas e estabelecimentos comerciais, permitindo maior controle sobre a \u00e1rea coberta.<\/p>\n\n\n\n<h3 class=\"wp-block-heading\"><span class=\"ez-toc-section\" id=\"Toldos_fixos\"><\/span>Toldos fixos<span class=\"ez-toc-section-end\"><\/span><\/h3>\n\n\n\n<p>Oferecem prote\u00e7\u00e3o cont\u00ednua e s\u00e3o uma excelente escolha para entradas de lojas, portas e janelas. Al\u00e9m de funcionais, podem ser personalizados com cores e materiais variados.<\/p>\n\n\n<div class=\"wp-block-image\">\n<figure class=\"alignright size-full is-resized\"><img loading=\"lazy\" decoding=\"async\" width=\"900\" height=\"600\" src=\"https:\/\/www.luminosossp.com.br\/blog\/wp-content\/uploads\/2025\/02\/toldos-e-coberturas.jpg\" alt=\"Toldos e coberturas personalizadas: funcionalidade e estilo para seu espa\u00e7o\" class=\"wp-image-233\" style=\"width:301px;height:auto\"\/><\/figure>\n<\/div>\n\n\n<h3 class=\"wp-block-heading\"><span class=\"ez-toc-section\" id=\"Coberturas_de_policarbonato\"><\/span>Coberturas de policarbonato<span class=\"ez-toc-section-end\"><\/span><\/h3>\n\n\n\n<p>Esse material \u00e9 altamente resistente e permite a passagem de luz natural, criando ambientes claros e protegidos ao mesmo tempo. S\u00e3o ideais para garagens, jardins e \u00e1reas de lazer.<\/p>\n\n\n\n<h3 class=\"wp-block-heading\"><span class=\"ez-toc-section\" id=\"Coberturas_de_vidro\"><\/span>Coberturas de vidro<span class=\"ez-toc-section-end\"><\/span><\/h3>\n\n\n\n<p>Modernas e sofisticadas, as coberturas de vidro proporcionam prote\u00e7\u00e3o sem comprometer a visibilidade e a entrada de luz. Indicadas para espa\u00e7os que buscam um design clean e elegante.<\/p>\n\n\n\n<h3 class=\"wp-block-heading\"><span class=\"ez-toc-section\" id=\"Coberturas_metalicas\"><\/span>Coberturas met\u00e1licas<span class=\"ez-toc-section-end\"><\/span><\/h3>\n\n\n\n<p>Altamente dur\u00e1veis, as coberturas met\u00e1licas s\u00e3o ideais para \u00e1reas industriais e comerciais que necessitam de prote\u00e7\u00e3o robusta e de longa dura\u00e7\u00e3o.<\/p>\n\n\n\n<h2 class=\"wp-block-heading\"><span class=\"ez-toc-section\" id=\"Como_escolher_a_melhor_opcao_para_seu_espaco\"><\/span>Como escolher a melhor op\u00e7\u00e3o para seu espa\u00e7o<span class=\"ez-toc-section-end\"><\/span><\/h2>\n\n\n\n<p>A escolha do modelo ideal depende do tipo de ambiente, do uso pretendido e das condi\u00e7\u00f5es clim\u00e1ticas do local. Alguns pontos a serem considerados:<\/p>\n\n\n\n<ul class=\"wp-block-list\">\n<li><strong>Finalidade do toldo ou cobertura:<\/strong> Prote\u00e7\u00e3o contra sol, chuva ou ambos?<\/li>\n\n\n\n<li><strong>Material:<\/strong> Policarbonato, vidro, lona ou metal?<\/li>\n\n\n\n<li><strong>Design e cores:<\/strong> Deve harmonizar com a est\u00e9tica do espa\u00e7o.<\/li>\n\n\n\n<li><strong>Dimens\u00f5es:<\/strong> O tamanho da \u00e1rea a ser coberta influencia a escolha do modelo.<\/li>\n<\/ul>\n\n\n\n<p>Al\u00e9m disso, contar com uma empresa experiente garante um projeto bem executado, que atenda \u00e0s necessidades espec\u00edficas de cada cliente.<\/p>\n\n\n\n<h2 class=\"wp-block-heading\"><span class=\"ez-toc-section\" id=\"Luminosos_SP_qualidade_e_personalizacao_para_o_seu_projeto\"><\/span>Luminosos SP: qualidade e personaliza\u00e7\u00e3o para o seu projeto<span class=\"ez-toc-section-end\"><\/span><\/h2>\n\n\n\n<p>Na <strong>Luminosos SP<\/strong>, nos dedicamos a transformar ideias em realidade. Com uma trajet\u00f3ria marcada por clientes satisfeitos e projetos de sucesso, oferecemos <strong>toldos e coberturas personalizadas<\/strong> com o mais alto padr\u00e3o de qualidade e acabamento.<\/p>\n\n\n\n<p>Nossa equipe \u00e9 especializada na cria\u00e7\u00e3o de solu\u00e7\u00f5es sob medida para resid\u00eancias, com\u00e9rcios e ind\u00fastrias. Cada detalhe \u00e9 cuidadosamente planejado para garantir a m\u00e1xima durabilidade e efici\u00eancia, proporcionando conforto, estilo e funcionalidade ao seu espa\u00e7o.<\/p>\n\n\n\n<p>Aqui, n\u00e3o apenas entregamos produtos, mas realizamos sonhos. Somos uma empresa comprometida com inova\u00e7\u00e3o e excel\u00eancia, garantindo que cada projeto seja \u00fanico e feito com paix\u00e3o.<\/p>\n\n\n\n<p><a href=\"https:\/\/www.luminosossp.com.br\/blog\/do-papel-a-realidade-como-planejar-e-executar-uma-fachada-comercial-moderna\/\">Do papel \u00e0 realidade: como planejar e executar uma fachada comercial moderna<\/a><\/p>\n\n\n\n<h3 class=\"wp-block-heading\"><span class=\"ez-toc-section\" id=\"Invista_em_toldos_e_coberturas_personalizadas_e_transforme_seu_ambiente\"><\/span>Invista em toldos e coberturas personalizadas e transforme seu ambiente<span class=\"ez-toc-section-end\"><\/span><\/h3>\n\n\n\n<p>Se voc\u00ea busca conforto, estilo e prote\u00e7\u00e3o para seu espa\u00e7o, <strong>toldos e coberturas personalizadas<\/strong> s\u00e3o a solu\u00e7\u00e3o ideal. Com modelos vers\u00e1teis e materiais de alta qualidade, eles garantem durabilidade e valoriza\u00e7\u00e3o do ambiente.<\/p>\n\n\n\n<p>Agora que voc\u00ea conhece os benef\u00edcios dessas estruturas,<a href=\"https:\/\/api.whatsapp.com\/send\/?phone=551126592042&amp;text&amp;type=phone_number&amp;app_absent=0\"><strong> entre em contato com a Luminosos SP e descubra como podemos ajudar a transformar seu projeto em realidade!<\/strong><\/a><\/p>\n","protected":false},"excerpt":{"rendered":"<p><span class=\"rt-reading-time\" style=\"display: block;\"><span class=\"rt-label rt-prefix\">Tempo de leitura: <\/span> <span class=\"rt-time\">3<\/span> <span class=\"rt-label rt-postfix\">minutos<\/span><\/span> Toldos e coberturas personalizadas trazem prote\u00e7\u00e3o, conforto e estilo para qualquer ambiente, unindo funcionalidade e est\u00e9tica de forma eficiente. Os toldos e coberturas personalizadas s\u00e3o solu\u00e7\u00f5es ideais para quem deseja aliar prote\u00e7\u00e3o e design em \u00e1reas externas. Com diferentes materiais &hellip; <\/p>\n","protected":false},"author":1,"featured_media":233,"comment_status":"open","ping_status":"open","sticky":false,"template":"","format":"standard","meta":{"footnotes":""},"categories":[1399],"tags":[1411,1405,1404,1407,1402,1451,1463,1460,1466,1469,1442,1439,1448,1445,1454,1436,1457,1413,1418,1419,1410,1421,1420,1422,1424,1423,1425,1427,1426,1428,1430,1429,1431,1408,1433,1432,1434,14,1415,1414,1472,1471,1473,1409,1400,1450,1462,1459,1465,1468,1441,1438,1447,1444,1453,1435,1456,1412,1417,1406,1452,1464,1461,1467,1470,1443,1440,1449,1446,1455,1437,1458,1401,1403,1416],"class_list":["post-232","post","type-post","status-publish","format-standard","has-post-thumbnail","hentry","category-toldos-e-coberturas-personalizadas","tag-beneficios-das-coberturas-personalizadas","tag-coberturas-de-policarbonato","tag-coberturas-de-vidro","tag-coberturas-para-comercios","tag-coberturas-personalizadas","tag-coberturas-personalizadas-direto-da-fabrica","tag-coberturas-personalizadas-em-imirim","tag-coberturas-personalizadas-em-lauzane-paulista","tag-coberturas-personalizadas-em-mandaqui","tag-coberturas-personalizadas-em-santana","tag-coberturas-personalizadas-em-sao-paulo","tag-coberturas-personalizadas-em-sp","tag-coberturas-personalizadas-na-cachoeirinha","tag-coberturas-personalizadas-na-zona-norte","tag-coberturas-personalizadas-perto-de-mim","tag-coberturas-personalizadas-preco","tag-coberturas-personalizadas-proximo-a-mim","tag-coberturas-resistentes","tag-comprar-coberturas-personalizadas","tag-comprar-toldos-personalizadas","tag-economia-de-energia-com-toldos","tag-empresa-de-coberturas-personalizadas","tag-empresa-de-toldos-e-coberturas-personalizadas","tag-empresa-de-toldos-personalizadas","tag-fabrica-de-coberturas-personalizadas","tag-fabrica-de-toldos-e-coberturas-personalizadas","tag-fabrica-de-toldos-personalizadas","tag-fabricante-de-coberturas-personalizadas","tag-fabricante-de-toldos-e-coberturas-personalizadas","tag-fabricante-de-toldos-personalizadas","tag-fornecedor-de-coberturas-personalizadas","tag-fornecedor-de-toldos-e-coberturas-personalizadas","tag-fornecedor-de-toldos-personalizadas","tag-instalacao-de-toldos","tag-loja-de-coberturas-personalizadas","tag-loja-de-toldos-e-coberturas-personalizadas","tag-loja-de-toldos-personalizadas","tag-luminosos-sp","tag-materiais-para-coberturas","tag-modelos-de-toldos","tag-onde-encontrar-coberturas-personalizadas","tag-onde-encontrar-toldos-e-coberturas-personalizadas","tag-onde-encontrar-toldos-personalizadas","tag-protecao-contra-o-sol","tag-toldos-e-coberturas-personalizadas","tag-toldos-e-coberturas-personalizadas-direto-da-fabrica","tag-toldos-e-coberturas-personalizadas-em-imirim","tag-toldos-e-coberturas-personalizadas-em-lauzane-paulista","tag-toldos-e-coberturas-personalizadas-em-mandaqui","tag-toldos-e-coberturas-personalizadas-em-santana","tag-toldos-e-coberturas-personalizadas-em-sao-paulo","tag-toldos-e-coberturas-personalizadas-em-sp","tag-toldos-e-coberturas-personalizadas-na-cachoeirinha","tag-toldos-e-coberturas-personalizadas-na-zona-norte","tag-toldos-e-coberturas-personalizadas-perto-de-mim","tag-toldos-e-coberturas-personalizadas-preco","tag-toldos-e-coberturas-personalizadas-proximo-a-mim","tag-toldos-modernos","tag-toldos-para-areas-externas","tag-toldos-para-residencias","tag-toldos-personalizadas-direto-da-fabrica","tag-toldos-personalizadas-em-imirim","tag-toldos-personalizadas-em-lauzane-paulista","tag-toldos-personalizadas-em-mandaqui","tag-toldos-personalizadas-em-santana","tag-toldos-personalizadas-em-sao-paulo","tag-toldos-personalizadas-em-sp","tag-toldos-personalizadas-na-cachoeirinha","tag-toldos-personalizadas-na-zona-norte","tag-toldos-personalizadas-perto-de-mim","tag-toldos-personalizadas-preco","tag-toldos-personalizadas-proximo-a-mim","tag-toldos-personalizados","tag-toldos-retrateis","tag-valorizacao-estetica-com-toldos"],"yoast_head":"<!-- This site is optimized with the Yoast SEO plugin v21.9 - https:\/\/yoast.com\/wordpress\/plugins\/seo\/ -->\n<title>Toldos e coberturas personalizadas: funcionalidade e estilo para seu espa\u00e7o - Blog<\/title>\n<meta name=\"description\" content=\"Toldos e coberturas personalizadas trazem prote\u00e7\u00e3o, conforto e estilo para qualquer ambiente, unindo funcionalidade e est\u00e9tica de forma eficiente.\" \/>\n<meta name=\"robots\" content=\"index, follow, max-snippet:-1, max-image-preview:large, max-video-preview:-1\" \/>\n<link rel=\"canonical\" href=\"https:\/\/www.luminosossp.com.br\/blog\/toldos-e-coberturas-personalizadas-funcionalidade-e-estilo-para-seu-espaco\/\" \/>\n<meta property=\"og:locale\" content=\"pt_BR\" \/>\n<meta property=\"og:type\" content=\"article\" \/>\n<meta property=\"og:title\" content=\"Toldos e coberturas personalizadas: funcionalidade e estilo para seu espa\u00e7o - Blog\" \/>\n<meta property=\"og:description\" content=\"Toldos e coberturas personalizadas trazem prote\u00e7\u00e3o, conforto e estilo para qualquer ambiente, unindo funcionalidade e est\u00e9tica de forma eficiente.\" \/>\n<meta property=\"og:url\" content=\"https:\/\/www.luminosossp.com.br\/blog\/toldos-e-coberturas-personalizadas-funcionalidade-e-estilo-para-seu-espaco\/\" \/>\n<meta property=\"og:site_name\" content=\"Blog\" \/>\n<meta property=\"article:published_time\" content=\"2025-02-04T17:22:03+00:00\" \/>\n<meta property=\"article:modified_time\" content=\"2025-02-04T17:22:59+00:00\" \/>\n<meta property=\"og:image\" content=\"https:\/\/www.luminosossp.com.br\/blog\/wp-content\/uploads\/2025\/02\/toldos-e-coberturas.jpg\" \/>\n\t<meta property=\"og:image:width\" content=\"900\" \/>\n\t<meta property=\"og:image:height\" content=\"600\" \/>\n\t<meta property=\"og:image:type\" content=\"image\/jpeg\" \/>\n<meta name=\"author\" content=\"admin\" \/>\n<meta name=\"twitter:card\" content=\"summary_large_image\" \/>\n<meta name=\"twitter:label1\" content=\"Escrito por\" \/>\n\t<meta name=\"twitter:data1\" content=\"admin\" \/>\n\t<meta name=\"twitter:label2\" content=\"Est. tempo de leitura\" \/>\n\t<meta name=\"twitter:data2\" content=\"5 minutos\" \/>\n<script type=\"application\/ld+json\" class=\"yoast-schema-graph\">{\"@context\":\"https:\/\/schema.org\",\"@graph\":[{\"@type\":\"Article\",\"@id\":\"https:\/\/www.luminosossp.com.br\/blog\/toldos-e-coberturas-personalizadas-funcionalidade-e-estilo-para-seu-espaco\/#article\",\"isPartOf\":{\"@id\":\"https:\/\/www.luminosossp.com.br\/blog\/toldos-e-coberturas-personalizadas-funcionalidade-e-estilo-para-seu-espaco\/\"},\"author\":{\"name\":\"admin\",\"@id\":\"https:\/\/www.luminosossp.com.br\/blog\/#\/schema\/person\/6d0a8f9ebbccf41c1478cada680f3e87\"},\"headline\":\"Toldos e coberturas personalizadas: funcionalidade e estilo para seu espa\u00e7o\",\"datePublished\":\"2025-02-04T17:22:03+00:00\",\"dateModified\":\"2025-02-04T17:22:59+00:00\",\"mainEntityOfPage\":{\"@id\":\"https:\/\/www.luminosossp.com.br\/blog\/toldos-e-coberturas-personalizadas-funcionalidade-e-estilo-para-seu-espaco\/\"},\"wordCount\":919,\"commentCount\":0,\"publisher\":{\"@id\":\"https:\/\/www.luminosossp.com.br\/blog\/#organization\"},\"keywords\":[\"benef\u00edcios das coberturas personalizadas\",\"coberturas de policarbonato\",\"coberturas de vidro\",\"coberturas para com\u00e9rcios\",\"coberturas personalizadas\",\"coberturas personalizadas direto da fabrica\",\"coberturas personalizadas em Imirim\",\"coberturas personalizadas em Lauzane Paulista\",\"coberturas personalizadas em Mandaqui\",\"coberturas personalizadas em Santana\",\"coberturas personalizadas em s\u00e3o paulo\",\"coberturas personalizadas em sp\",\"coberturas personalizadas na Cachoeirinha\",\"coberturas personalizadas na zona norte\",\"coberturas personalizadas perto de mim\",\"coberturas personalizadas pre\u00e7o\",\"coberturas personalizadas pr\u00f3ximo a mim\",\"coberturas resistentes\",\"comprar coberturas personalizadas\",\"comprar toldos personalizadas\",\"economia de energia com toldos\",\"empresa de coberturas personalizadas\",\"empresa de toldos e coberturas personalizadas\",\"empresa de toldos personalizadas\",\"f\u00e1brica de coberturas personalizadas\",\"f\u00e1brica de toldos e coberturas personalizadas\",\"f\u00e1brica de toldos personalizadas\",\"fabricante de coberturas personalizadas\",\"fabricante de toldos e coberturas personalizadas\",\"fabricante de toldos personalizadas\",\"fornecedor de coberturas personalizadas\",\"fornecedor de toldos e coberturas personalizadas\",\"fornecedor de toldos personalizadas\",\"instala\u00e7\u00e3o de toldos\",\"loja de coberturas personalizadas\",\"loja de toldos e coberturas personalizadas\",\"loja de toldos personalizadas\",\"Luminosos SP\",\"materiais para coberturas\",\"modelos de toldos\",\"onde encontrar coberturas personalizadas\",\"onde encontrar toldos e coberturas personalizadas\",\"onde encontrar toldos personalizadas\",\"prote\u00e7\u00e3o contra o sol\",\"toldos e coberturas personalizadas\",\"toldos e coberturas personalizadas direto da fabrica\",\"toldos e coberturas personalizadas em Imirim\",\"toldos e coberturas personalizadas em Lauzane Paulista\",\"toldos e coberturas personalizadas em Mandaqui\",\"toldos e coberturas personalizadas em Santana\",\"toldos e coberturas personalizadas em s\u00e3o paulo\",\"toldos e coberturas personalizadas em sp\",\"toldos e coberturas personalizadas na Cachoeirinha\",\"toldos e coberturas personalizadas na zona norte\",\"toldos e coberturas personalizadas perto de mim\",\"toldos e coberturas personalizadas pre\u00e7o\",\"toldos e coberturas personalizadas pr\u00f3ximo a mim\",\"toldos modernos\",\"toldos para \u00e1reas externas\",\"toldos para resid\u00eancias\",\"toldos personalizadas direto da fabrica\",\"toldos personalizadas em Imirim\",\"toldos personalizadas em Lauzane Paulista\",\"toldos personalizadas em Mandaqui\",\"toldos personalizadas em Santana\",\"toldos personalizadas em s\u00e3o paulo\",\"toldos personalizadas em sp\",\"toldos personalizadas na Cachoeirinha\",\"toldos personalizadas na zona norte\",\"toldos personalizadas perto de mim\",\"toldos personalizadas pre\u00e7o\",\"toldos personalizadas pr\u00f3ximo a mim\",\"toldos personalizados\",\"toldos retr\u00e1teis\",\"valoriza\u00e7\u00e3o est\u00e9tica com toldos\"],\"articleSection\":[\"Toldos e coberturas personalizadas\"],\"inLanguage\":\"pt-BR\",\"potentialAction\":[{\"@type\":\"CommentAction\",\"name\":\"Comment\",\"target\":[\"https:\/\/www.luminosossp.com.br\/blog\/toldos-e-coberturas-personalizadas-funcionalidade-e-estilo-para-seu-espaco\/#respond\"]}]},{\"@type\":\"WebPage\",\"@id\":\"https:\/\/www.luminosossp.com.br\/blog\/toldos-e-coberturas-personalizadas-funcionalidade-e-estilo-para-seu-espaco\/\",\"url\":\"https:\/\/www.luminosossp.com.br\/blog\/toldos-e-coberturas-personalizadas-funcionalidade-e-estilo-para-seu-espaco\/\",\"name\":\"Toldos e coberturas personalizadas: funcionalidade e estilo para seu espa\u00e7o - Blog\",\"isPartOf\":{\"@id\":\"https:\/\/www.luminosossp.com.br\/blog\/#website\"},\"datePublished\":\"2025-02-04T17:22:03+00:00\",\"dateModified\":\"2025-02-04T17:22:59+00:00\",\"description\":\"Toldos e coberturas personalizadas trazem prote\u00e7\u00e3o, conforto e estilo para qualquer ambiente, unindo funcionalidade e est\u00e9tica de forma eficiente.\",\"breadcrumb\":{\"@id\":\"https:\/\/www.luminosossp.com.br\/blog\/toldos-e-coberturas-personalizadas-funcionalidade-e-estilo-para-seu-espaco\/#breadcrumb\"},\"inLanguage\":\"pt-BR\",\"potentialAction\":[{\"@type\":\"ReadAction\",\"target\":[\"https:\/\/www.luminosossp.com.br\/blog\/toldos-e-coberturas-personalizadas-funcionalidade-e-estilo-para-seu-espaco\/\"]}]},{\"@type\":\"BreadcrumbList\",\"@id\":\"https:\/\/www.luminosossp.com.br\/blog\/toldos-e-coberturas-personalizadas-funcionalidade-e-estilo-para-seu-espaco\/#breadcrumb\",\"itemListElement\":[{\"@type\":\"ListItem\",\"position\":1,\"name\":\"In\u00edcio\",\"item\":\"https:\/\/www.luminosossp.com.br\/blog\/\"},{\"@type\":\"ListItem\",\"position\":2,\"name\":\"Toldos e coberturas personalizadas: funcionalidade e estilo para seu espa\u00e7o\"}]},{\"@type\":\"WebSite\",\"@id\":\"https:\/\/www.luminosossp.com.br\/blog\/#website\",\"url\":\"https:\/\/www.luminosossp.com.br\/blog\/\",\"name\":\"Blog\",\"description\":\"Luminosossp\",\"publisher\":{\"@id\":\"https:\/\/www.luminosossp.com.br\/blog\/#organization\"},\"potentialAction\":[{\"@type\":\"SearchAction\",\"target\":{\"@type\":\"EntryPoint\",\"urlTemplate\":\"https:\/\/www.luminosossp.com.br\/blog\/?s={search_term_string}\"},\"query-input\":\"required name=search_term_string\"}],\"inLanguage\":\"pt-BR\"},{\"@type\":\"Organization\",\"@id\":\"https:\/\/www.luminosossp.com.br\/blog\/#organization\",\"name\":\"Blog\",\"url\":\"https:\/\/www.luminosossp.com.br\/blog\/\",\"logo\":{\"@type\":\"ImageObject\",\"inLanguage\":\"pt-BR\",\"@id\":\"https:\/\/www.luminosossp.com.br\/blog\/#\/schema\/logo\/image\/\",\"url\":\"https:\/\/www.luminosossp.com.br\/blog\/wp-content\/uploads\/2024\/01\/logo-6.png\",\"contentUrl\":\"https:\/\/www.luminosossp.com.br\/blog\/wp-content\/uploads\/2024\/01\/logo-6.png\",\"width\":150,\"height\":150,\"caption\":\"Blog\"},\"image\":{\"@id\":\"https:\/\/www.luminosossp.com.br\/blog\/#\/schema\/logo\/image\/\"}},{\"@type\":\"Person\",\"@id\":\"https:\/\/www.luminosossp.com.br\/blog\/#\/schema\/person\/6d0a8f9ebbccf41c1478cada680f3e87\",\"name\":\"admin\",\"image\":{\"@type\":\"ImageObject\",\"inLanguage\":\"pt-BR\",\"@id\":\"https:\/\/www.luminosossp.com.br\/blog\/#\/schema\/person\/image\/\",\"url\":\"https:\/\/secure.gravatar.com\/avatar\/94d94992e5dcccff24919365b24c228f2dc818bb6650ab086de97177901f17db?s=96&d=mm&r=g\",\"contentUrl\":\"https:\/\/secure.gravatar.com\/avatar\/94d94992e5dcccff24919365b24c228f2dc818bb6650ab086de97177901f17db?s=96&d=mm&r=g\",\"caption\":\"admin\"},\"sameAs\":[\"https:\/\/luminosossp.com.br\/blog\"],\"url\":\"https:\/\/www.luminosossp.com.br\/blog\/author\/admin\/\"}]}<\/script>\n<!-- \/ Yoast SEO plugin. -->","yoast_head_json":{"title":"Toldos e coberturas personalizadas: funcionalidade e estilo para seu espa\u00e7o - Blog","description":"Toldos e coberturas personalizadas trazem prote\u00e7\u00e3o, conforto e estilo para qualquer ambiente, unindo funcionalidade e est\u00e9tica de forma eficiente.","robots":{"index":"index","follow":"follow","max-snippet":"max-snippet:-1","max-image-preview":"max-image-preview:large","max-video-preview":"max-video-preview:-1"},"canonical":"https:\/\/www.luminosossp.com.br\/blog\/toldos-e-coberturas-personalizadas-funcionalidade-e-estilo-para-seu-espaco\/","og_locale":"pt_BR","og_type":"article","og_title":"Toldos e coberturas personalizadas: funcionalidade e estilo para seu espa\u00e7o - Blog","og_description":"Toldos e coberturas personalizadas trazem prote\u00e7\u00e3o, conforto e estilo para qualquer ambiente, unindo funcionalidade e est\u00e9tica de forma eficiente.","og_url":"https:\/\/www.luminosossp.com.br\/blog\/toldos-e-coberturas-personalizadas-funcionalidade-e-estilo-para-seu-espaco\/","og_site_name":"Blog","article_published_time":"2025-02-04T17:22:03+00:00","article_modified_time":"2025-02-04T17:22:59+00:00","og_image":[{"width":900,"height":600,"url":"https:\/\/www.luminosossp.com.br\/blog\/wp-content\/uploads\/2025\/02\/toldos-e-coberturas.jpg","type":"image\/jpeg"}],"author":"admin","twitter_card":"summary_large_image","twitter_misc":{"Escrito por":"admin","Est. tempo de leitura":"5 minutos"},"schema":{"@context":"https:\/\/schema.org","@graph":[{"@type":"Article","@id":"https:\/\/www.luminosossp.com.br\/blog\/toldos-e-coberturas-personalizadas-funcionalidade-e-estilo-para-seu-espaco\/#article","isPartOf":{"@id":"https:\/\/www.luminosossp.com.br\/blog\/toldos-e-coberturas-personalizadas-funcionalidade-e-estilo-para-seu-espaco\/"},"author":{"name":"admin","@id":"https:\/\/www.luminosossp.com.br\/blog\/#\/schema\/person\/6d0a8f9ebbccf41c1478cada680f3e87"},"headline":"Toldos e coberturas personalizadas: funcionalidade e estilo para seu espa\u00e7o","datePublished":"2025-02-04T17:22:03+00:00","dateModified":"2025-02-04T17:22:59+00:00","mainEntityOfPage":{"@id":"https:\/\/www.luminosossp.com.br\/blog\/toldos-e-coberturas-personalizadas-funcionalidade-e-estilo-para-seu-espaco\/"},"wordCount":919,"commentCount":0,"publisher":{"@id":"https:\/\/www.luminosossp.com.br\/blog\/#organization"},"keywords":["benef\u00edcios das coberturas personalizadas","coberturas de policarbonato","coberturas de vidro","coberturas para com\u00e9rcios","coberturas personalizadas","coberturas personalizadas direto da fabrica","coberturas personalizadas em Imirim","coberturas personalizadas em Lauzane Paulista","coberturas personalizadas em Mandaqui","coberturas personalizadas em Santana","coberturas personalizadas em s\u00e3o paulo","coberturas personalizadas em sp","coberturas personalizadas na Cachoeirinha","coberturas personalizadas na zona norte","coberturas personalizadas perto de mim","coberturas personalizadas pre\u00e7o","coberturas personalizadas pr\u00f3ximo a mim","coberturas resistentes","comprar coberturas personalizadas","comprar toldos personalizadas","economia de energia com toldos","empresa de coberturas personalizadas","empresa de toldos e coberturas personalizadas","empresa de toldos personalizadas","f\u00e1brica de coberturas personalizadas","f\u00e1brica de toldos e coberturas personalizadas","f\u00e1brica de toldos personalizadas","fabricante de coberturas personalizadas","fabricante de toldos e coberturas personalizadas","fabricante de toldos personalizadas","fornecedor de coberturas personalizadas","fornecedor de toldos e coberturas personalizadas","fornecedor de toldos personalizadas","instala\u00e7\u00e3o de toldos","loja de coberturas personalizadas","loja de toldos e coberturas personalizadas","loja de toldos personalizadas","Luminosos SP","materiais para coberturas","modelos de toldos","onde encontrar coberturas personalizadas","onde encontrar toldos e coberturas personalizadas","onde encontrar toldos personalizadas","prote\u00e7\u00e3o contra o sol","toldos e coberturas personalizadas","toldos e coberturas personalizadas direto da fabrica","toldos e coberturas personalizadas em Imirim","toldos e coberturas personalizadas em Lauzane Paulista","toldos e coberturas personalizadas em Mandaqui","toldos e coberturas personalizadas em Santana","toldos e coberturas personalizadas em s\u00e3o paulo","toldos e coberturas personalizadas em sp","toldos e coberturas personalizadas na Cachoeirinha","toldos e coberturas personalizadas na zona norte","toldos e coberturas personalizadas perto de mim","toldos e coberturas personalizadas pre\u00e7o","toldos e coberturas personalizadas pr\u00f3ximo a mim","toldos modernos","toldos para \u00e1reas externas","toldos para resid\u00eancias","toldos personalizadas direto da fabrica","toldos personalizadas em Imirim","toldos personalizadas em Lauzane Paulista","toldos personalizadas em Mandaqui","toldos personalizadas em Santana","toldos personalizadas em s\u00e3o paulo","toldos personalizadas em sp","toldos personalizadas na Cachoeirinha","toldos personalizadas na zona norte","toldos personalizadas perto de mim","toldos personalizadas pre\u00e7o","toldos personalizadas pr\u00f3ximo a mim","toldos personalizados","toldos retr\u00e1teis","valoriza\u00e7\u00e3o est\u00e9tica com toldos"],"articleSection":["Toldos e coberturas personalizadas"],"inLanguage":"pt-BR","potentialAction":[{"@type":"CommentAction","name":"Comment","target":["https:\/\/www.luminosossp.com.br\/blog\/toldos-e-coberturas-personalizadas-funcionalidade-e-estilo-para-seu-espaco\/#respond"]}]},{"@type":"WebPage","@id":"https:\/\/www.luminosossp.com.br\/blog\/toldos-e-coberturas-personalizadas-funcionalidade-e-estilo-para-seu-espaco\/","url":"https:\/\/www.luminosossp.com.br\/blog\/toldos-e-coberturas-personalizadas-funcionalidade-e-estilo-para-seu-espaco\/","name":"Toldos e coberturas personalizadas: funcionalidade e estilo para seu espa\u00e7o - Blog","isPartOf":{"@id":"https:\/\/www.luminosossp.com.br\/blog\/#website"},"datePublished":"2025-02-04T17:22:03+00:00","dateModified":"2025-02-04T17:22:59+00:00","description":"Toldos e coberturas personalizadas trazem prote\u00e7\u00e3o, conforto e estilo para qualquer ambiente, unindo funcionalidade e est\u00e9tica de forma eficiente.","breadcrumb":{"@id":"https:\/\/www.luminosossp.com.br\/blog\/toldos-e-coberturas-personalizadas-funcionalidade-e-estilo-para-seu-espaco\/#breadcrumb"},"inLanguage":"pt-BR","potentialAction":[{"@type":"ReadAction","target":["https:\/\/www.luminosossp.com.br\/blog\/toldos-e-coberturas-personalizadas-funcionalidade-e-estilo-para-seu-espaco\/"]}]},{"@type":"BreadcrumbList","@id":"https:\/\/www.luminosossp.com.br\/blog\/toldos-e-coberturas-personalizadas-funcionalidade-e-estilo-para-seu-espaco\/#breadcrumb","itemListElement":[{"@type":"ListItem","position":1,"name":"In\u00edcio","item":"https:\/\/www.luminosossp.com.br\/blog\/"},{"@type":"ListItem","position":2,"name":"Toldos e coberturas personalizadas: funcionalidade e estilo para seu espa\u00e7o"}]},{"@type":"WebSite","@id":"https:\/\/www.luminosossp.com.br\/blog\/#website","url":"https:\/\/www.luminosossp.com.br\/blog\/","name":"Blog","description":"Luminosossp","publisher":{"@id":"https:\/\/www.luminosossp.com.br\/blog\/#organization"},"potentialAction":[{"@type":"SearchAction","target":{"@type":"EntryPoint","urlTemplate":"https:\/\/www.luminosossp.com.br\/blog\/?s={search_term_string}"},"query-input":"required name=search_term_string"}],"inLanguage":"pt-BR"},{"@type":"Organization","@id":"https:\/\/www.luminosossp.com.br\/blog\/#organization","name":"Blog","url":"https:\/\/www.luminosossp.com.br\/blog\/","logo":{"@type":"ImageObject","inLanguage":"pt-BR","@id":"https:\/\/www.luminosossp.com.br\/blog\/#\/schema\/logo\/image\/","url":"https:\/\/www.luminosossp.com.br\/blog\/wp-content\/uploads\/2024\/01\/logo-6.png","contentUrl":"https:\/\/www.luminosossp.com.br\/blog\/wp-content\/uploads\/2024\/01\/logo-6.png","width":150,"height":150,"caption":"Blog"},"image":{"@id":"https:\/\/www.luminosossp.com.br\/blog\/#\/schema\/logo\/image\/"}},{"@type":"Person","@id":"https:\/\/www.luminosossp.com.br\/blog\/#\/schema\/person\/6d0a8f9ebbccf41c1478cada680f3e87","name":"admin","image":{"@type":"ImageObject","inLanguage":"pt-BR","@id":"https:\/\/www.luminosossp.com.br\/blog\/#\/schema\/person\/image\/","url":"https:\/\/secure.gravatar.com\/avatar\/94d94992e5dcccff24919365b24c228f2dc818bb6650ab086de97177901f17db?s=96&d=mm&r=g","contentUrl":"https:\/\/secure.gravatar.com\/avatar\/94d94992e5dcccff24919365b24c228f2dc818bb6650ab086de97177901f17db?s=96&d=mm&r=g","caption":"admin"},"sameAs":["https:\/\/luminosossp.com.br\/blog"],"url":"https:\/\/www.luminosossp.com.br\/blog\/author\/admin\/"}]}},"_links":{"self":[{"href":"https:\/\/www.luminosossp.com.br\/blog\/wp-json\/wp\/v2\/posts\/232","targetHints":{"allow":["GET"]}}],"collection":[{"href":"https:\/\/www.luminosossp.com.br\/blog\/wp-json\/wp\/v2\/posts"}],"about":[{"href":"https:\/\/www.luminosossp.com.br\/blog\/wp-json\/wp\/v2\/types\/post"}],"author":[{"embeddable":true,"href":"https:\/\/www.luminosossp.com.br\/blog\/wp-json\/wp\/v2\/users\/1"}],"replies":[{"embeddable":true,"href":"https:\/\/www.luminosossp.com.br\/blog\/wp-json\/wp\/v2\/comments?post=232"}],"version-history":[{"count":1,"href":"https:\/\/www.luminosossp.com.br\/blog\/wp-json\/wp\/v2\/posts\/232\/revisions"}],"predecessor-version":[{"id":234,"href":"https:\/\/www.luminosossp.com.br\/blog\/wp-json\/wp\/v2\/posts\/232\/revisions\/234"}],"wp:featuredmedia":[{"embeddable":true,"href":"https:\/\/www.luminosossp.com.br\/blog\/wp-json\/wp\/v2\/media\/233"}],"wp:attachment":[{"href":"https:\/\/www.luminosossp.com.br\/blog\/wp-json\/wp\/v2\/media?parent=232"}],"wp:term":[{"taxonomy":"category","embeddable":true,"href":"https:\/\/www.luminosossp.com.br\/blog\/wp-json\/wp\/v2\/categories?post=232"},{"taxonomy":"post_tag","embeddable":true,"href":"https:\/\/www.luminosossp.com.br\/blog\/wp-json\/wp\/v2\/tags?post=232"}],"curies":[{"name":"wp","href":"https:\/\/api.w.org\/{rel}","templated":true}]}}