{"id":101,"date":"2024-06-11T15:24:44","date_gmt":"2024-06-11T18:24:44","guid":{"rendered":"https:\/\/luminosossp.com.br\/blog\/?p=101"},"modified":"2024-06-11T15:24:56","modified_gmt":"2024-06-11T18:24:56","slug":"a-importancia-da-comunicacao-visual-para-pequenos-negocios","status":"publish","type":"post","link":"https:\/\/www.luminosossp.com.br\/blog\/a-importancia-da-comunicacao-visual-para-pequenos-negocios\/","title":{"rendered":"A import\u00e2ncia da comunica\u00e7\u00e3o visual para pequenos neg\u00f3cios"},"content":{"rendered":"<span class=\"rt-reading-time\" style=\"display: block;\"><span class=\"rt-label rt-prefix\">Tempo de leitura: <\/span> <span class=\"rt-time\">2<\/span> <span class=\"rt-label rt-postfix\">minutos<\/span><\/span>\n<p class=\"has-medium-font-size\"><strong>Siga com a Luminosos SP no decorrer deste artigo e venha conhecer todos os detalhes sobre o que podemos oferecer.<\/strong><\/p>\n\n\n\n<p>Em um mundo cada vez mais saturado de informa\u00e7\u00f5es, onde a aten\u00e7\u00e3o das pessoas \u00e9 disputada a cada segundo, a comunica\u00e7\u00e3o visual se torna um elemento crucial para o sucesso de qualquer neg\u00f3cio, especialmente para os pequenos empreendimentos.<\/p>\n\n\n\n<p>Atrav\u00e9s de elementos visuais como logotipos, cores, imagens e v\u00eddeos, os pequenos neg\u00f3cios podem se destacar da concorr\u00eancia, transmitir sua mensagem de forma clara e eficiente, e construir uma conex\u00e3o emocional com seus clientes.<\/p>\n\n\n\n<div id=\"ez-toc-container\" class=\"ez-toc-v2_0_62 counter-hierarchy ez-toc-counter ez-toc-grey ez-toc-container-direction\">\n<div class=\"ez-toc-title-container\">\n<p class=\"ez-toc-title \" >T&oacute;picos do artigo<\/p>\n<span class=\"ez-toc-title-toggle\"><a href=\"#\" class=\"ez-toc-pull-right ez-toc-btn ez-toc-btn-xs ez-toc-btn-default ez-toc-toggle\" aria-label=\"Toggle Table of Content\"><span class=\"ez-toc-js-icon-con\"><span class=\"\"><span class=\"eztoc-hide\" style=\"display:none;\">Toggle<\/span><span class=\"ez-toc-icon-toggle-span\"><svg style=\"fill: #999;color:#999\" xmlns=\"http:\/\/www.w3.org\/2000\/svg\" class=\"list-377408\" width=\"20px\" height=\"20px\" viewBox=\"0 0 24 24\" fill=\"none\"><path d=\"M6 6H4v2h2V6zm14 0H8v2h12V6zM4 11h2v2H4v-2zm16 0H8v2h12v-2zM4 16h2v2H4v-2zm16 0H8v2h12v-2z\" fill=\"currentColor\"><\/path><\/svg><svg style=\"fill: #999;color:#999\" class=\"arrow-unsorted-368013\" xmlns=\"http:\/\/www.w3.org\/2000\/svg\" width=\"10px\" height=\"10px\" viewBox=\"0 0 24 24\" version=\"1.2\" baseProfile=\"tiny\"><path d=\"M18.2 9.3l-6.2-6.3-6.2 6.3c-.2.2-.3.4-.3.7s.1.5.3.7c.2.2.4.3.7.3h11c.3 0 .5-.1.7-.3.2-.2.3-.5.3-.7s-.1-.5-.3-.7zM5.8 14.7l6.2 6.3 6.2-6.3c.2-.2.3-.5.3-.7s-.1-.5-.3-.7c-.2-.2-.4-.3-.7-.3h-11c-.3 0-.5.1-.7.3-.2.2-.3.5-.3.7s.1.5.3.7z\"\/><\/svg><\/span><\/span><\/span><\/a><\/span><\/div>\n<nav><ul class='ez-toc-list ez-toc-list-level-1 ' ><li class='ez-toc-page-1 ez-toc-heading-level-2'><a class=\"ez-toc-link ez-toc-heading-1\" href=\"https:\/\/www.luminosossp.com.br\/blog\/a-importancia-da-comunicacao-visual-para-pequenos-negocios\/#Por_que_e_importante_ter_uma_boa_comunicacao_visual_para_pequenos_negocios\" title=\"Por que \u00e9 importante ter uma boa comunica\u00e7\u00e3o visual para pequenos neg\u00f3cios?\">Por que \u00e9 importante ter uma boa comunica\u00e7\u00e3o visual para pequenos neg\u00f3cios?<\/a><\/li><li class='ez-toc-page-1 ez-toc-heading-level-2'><a class=\"ez-toc-link ez-toc-heading-2\" href=\"https:\/\/www.luminosossp.com.br\/blog\/a-importancia-da-comunicacao-visual-para-pequenos-negocios\/#Comunicacao_visual_para_pequenos_negocios_por_que_escolher_os_servicos_da_Luminosos_SP\" title=\"Comunica\u00e7\u00e3o visual para pequenos neg\u00f3cios: por que escolher os servi\u00e7os da Luminosos SP?\">Comunica\u00e7\u00e3o visual para pequenos neg\u00f3cios: por que escolher os servi\u00e7os da Luminosos SP?<\/a><ul class='ez-toc-list-level-3' ><li class='ez-toc-heading-level-3'><a class=\"ez-toc-link ez-toc-heading-3\" href=\"https:\/\/www.luminosossp.com.br\/blog\/a-importancia-da-comunicacao-visual-para-pequenos-negocios\/#Garanta_os_servicos_de_comunicacao_da_Luminosos_SP\" title=\"Garanta os servi\u00e7os de comunica\u00e7\u00e3o da Luminosos SP!\">Garanta os servi\u00e7os de comunica\u00e7\u00e3o da Luminosos SP!<\/a><\/li><\/ul><\/li><\/ul><\/nav><\/div>\n<h2 class=\"wp-block-heading\"><span class=\"ez-toc-section\" id=\"Por_que_e_importante_ter_uma_boa_comunicacao_visual_para_pequenos_negocios\"><\/span>Por que \u00e9 importante ter uma boa comunica\u00e7\u00e3o visual para pequenos neg\u00f3cios?<span class=\"ez-toc-section-end\"><\/span><\/h2>\n\n\n\n<p>A comunica\u00e7\u00e3o visual \u00e9 a primeira impress\u00e3o que um cliente em potencial tem de uma empresa. Ela transmite valores, personalidade e profissionalismo, influenciando diretamente na percep\u00e7\u00e3o que as pessoas t\u00eam da marca.<\/p>\n\n\n\n<p>Para pequenos neg\u00f3cios, essa primeira impress\u00e3o pode ser determinante para conquistar a confian\u00e7a do p\u00fablico e estimular a compra.<\/p>\n\n\n<div class=\"wp-block-image is-style-rounded\">\n<figure class=\"alignright size-full is-resized\"><img loading=\"lazy\" decoding=\"async\" width=\"809\" height=\"607\" src=\"https:\/\/luminosossp.com.br\/blog\/wp-content\/uploads\/2024\/06\/photo_1-10.jpg\" alt=\"\" class=\"wp-image-103\" style=\"width:243px;height:auto\"\/><\/figure>\n<\/div>\n\n\n<p>Uma comunica\u00e7\u00e3o visual bem elaborada pode despertar interesse, transmitir credibilidade e diferenciar o neg\u00f3cio da concorr\u00eancia.<\/p>\n\n\n\n<p>Al\u00e9m disso, a comunica\u00e7\u00e3o visual \u00e9 uma poderosa ferramenta de marketing. Ela permite que uma empresa se destaque em meio a um mar de informa\u00e7\u00f5es, capturando a aten\u00e7\u00e3o do p\u00fablico-alvo e transmitindo sua mensagem de forma eficaz.<\/p>\n\n\n\n<p>Uma identidade visual consistente e bem desenvolvida ajuda a criar uma conex\u00e3o emocional com os clientes, gerando engajamento e fideliza\u00e7\u00e3o.<\/p>\n\n\n\n<p>Outro ponto importante \u00e9 a comunica\u00e7\u00e3o visual como elemento de branding. Ela contribui para a constru\u00e7\u00e3o e fortalecimento da identidade da marca, tornando-a facilmente reconhec\u00edvel e memor\u00e1vel.&nbsp;<\/p>\n\n\n\n<h2 class=\"wp-block-heading\"><span class=\"ez-toc-section\" id=\"Comunicacao_visual_para_pequenos_negocios_por_que_escolher_os_servicos_da_Luminosos_SP\"><\/span>Comunica\u00e7\u00e3o visual para pequenos neg\u00f3cios: por que escolher os servi\u00e7os da Luminosos SP?<span class=\"ez-toc-section-end\"><\/span><\/h2>\n\n\n\n<p>Quando se trata de comunica\u00e7\u00e3o visual para pequenos neg\u00f3cios, contar com parceiros especializados faz toda a diferen\u00e7a. \u00c9 nesse ponto que a Luminosos SP se destaca como uma escolha inteligente e estrat\u00e9gica.<\/p>\n\n\n\n<p>Com anos de experi\u00eancia no mercado e um time de profissionais altamente qualificados, a Luminosos SP oferece solu\u00e7\u00f5es personalizadas e inovadoras para atender \u00e0s necessidades espec\u00edficas de cada cliente.<\/p>\n\n\n\n<p>Uma das principais vantagens de escolher os servi\u00e7os da Luminosos SP \u00e9 a qualidade incompar\u00e1vel de seus produtos.<\/p>\n\n\n<div class=\"wp-block-image is-style-rounded\">\n<figure class=\"alignright size-full is-resized\"><img loading=\"lazy\" decoding=\"async\" width=\"4160\" height=\"3120\" src=\"https:\/\/luminosossp.com.br\/blog\/wp-content\/uploads\/2024\/06\/9-1.webp\" alt=\"\" class=\"wp-image-104\" style=\"width:243px;height:auto\"\/><\/figure>\n<\/div>\n\n\n<p>Seja na produ\u00e7\u00e3o de letreiros, pain\u00e9is luminosos, placas ou outros elementos de comunica\u00e7\u00e3o visual, a empresa utiliza materiais de primeira linha e t\u00e9cnicas de fabrica\u00e7\u00e3o avan\u00e7adas para garantir resultados impec\u00e1veis.<\/p>\n\n\n\n<p>Cada projeto \u00e9 cuidadosamente planejado e executado para atender \u00e0s expectativas mais exigentes, superando as necessidades dos clientes.<\/p>\n\n\n\n<h3 class=\"wp-block-heading\"><span class=\"ez-toc-section\" id=\"Garanta_os_servicos_de_comunicacao_da_Luminosos_SP\"><\/span>Garanta os servi\u00e7os de comunica\u00e7\u00e3o da Luminosos SP!<span class=\"ez-toc-section-end\"><\/span><\/h3>\n\n\n\n<p>Se voc\u00ea deseja destacar o seu pequeno neg\u00f3cio no mercado e conquistar a aten\u00e7\u00e3o do p\u00fablico, n\u00e3o perca tempo! <a href=\"https:\/\/www.luminosossp.com.br\/contato\" target=\"_blank\" rel=\"noreferrer noopener\">Entre em contato<\/a> com a Luminosos SP hoje mesmo e descubra todas as solu\u00e7\u00f5es em comunica\u00e7\u00e3o visual que a empresa tem a oferecer!<\/p>\n\n\n\n<p>Gostou do conte\u00fado? Ent\u00e3o, leia mais artigos como esse em nosso <a href=\"https:\/\/www.luminosossp.com.br\/blog\" target=\"_blank\" rel=\"noreferrer noopener\">blog<\/a>!<\/p>\n","protected":false},"excerpt":{"rendered":"<p><span class=\"rt-reading-time\" style=\"display: block;\"><span class=\"rt-label rt-prefix\">Tempo de leitura: <\/span> <span class=\"rt-time\">2<\/span> <span class=\"rt-label rt-postfix\">minutos<\/span><\/span> Siga com a Luminosos SP no decorrer deste artigo e venha conhecer todos os detalhes sobre o que podemos oferecer. Em um mundo cada vez mais saturado de informa\u00e7\u00f5es, onde a aten\u00e7\u00e3o das pessoas \u00e9 disputada a cada segundo, a &hellip; <\/p>\n","protected":false},"author":1,"featured_media":102,"comment_status":"open","ping_status":"open","sticky":false,"template":"","format":"standard","meta":{"footnotes":""},"categories":[71],"tags":[447,454,453,451,450,458,457,452,460,459,455,449,456,448,446],"class_list":["post-101","post","type-post","status-publish","format-standard","has-post-thumbnail","hentry","category-comunicacao-visual","tag-comunicacao-visual-para-pequenos-negocios","tag-comunicacao-visual-para-pequenos-negocios-em-promocao","tag-comunicacao-visual-para-pequenos-negocios-em-santana","tag-comunicacao-visual-para-pequenos-negocios-em-sao-paulo","tag-comunicacao-visual-para-pequenos-negocios-em-sp","tag-comunicacao-visual-para-pequenos-negocios-na-freguesia-do-o","tag-comunicacao-visual-para-pequenos-negocios-na-vila-gustavo","tag-comunicacao-visual-para-pequenos-negocios-na-zona-norte","tag-comunicacao-visual-para-pequenos-negocios-no-bom-retiro","tag-comunicacao-visual-para-pequenos-negocios-no-parque-novo-mundo","tag-comunicacao-visual-para-pequenos-negocios-perto-de-mim","tag-comunicacao-visual-para-pequenos-negocios-preco","tag-comunicacao-visual-para-pequenos-negocios-proximo-a-mim","tag-empresa-de-comunicacao-visual-para-pequenos-negocios","tag-onde-encontrar-um-comunicacao-visual-para-pequenos-negocios"],"yoast_head":"<!-- This site is optimized with the Yoast SEO plugin v21.9 - https:\/\/yoast.com\/wordpress\/plugins\/seo\/ -->\n<title>A import\u00e2ncia da comunica\u00e7\u00e3o visual para pequenos neg\u00f3cios - Blog<\/title>\n<meta name=\"description\" content=\"Siga com a Luminosos SP no decorrer deste artigo e venha conhecer todos os detalhes sobre o que podemos oferecer.\" \/>\n<meta name=\"robots\" content=\"index, follow, max-snippet:-1, max-image-preview:large, max-video-preview:-1\" \/>\n<link rel=\"canonical\" href=\"https:\/\/www.luminosossp.com.br\/blog\/a-importancia-da-comunicacao-visual-para-pequenos-negocios\/\" \/>\n<meta property=\"og:locale\" content=\"pt_BR\" \/>\n<meta property=\"og:type\" content=\"article\" \/>\n<meta property=\"og:title\" content=\"A import\u00e2ncia da comunica\u00e7\u00e3o visual para pequenos neg\u00f3cios - Blog\" \/>\n<meta property=\"og:description\" content=\"Siga com a Luminosos SP no decorrer deste artigo e venha conhecer todos os detalhes sobre o que podemos oferecer.\" \/>\n<meta property=\"og:url\" content=\"https:\/\/www.luminosossp.com.br\/blog\/a-importancia-da-comunicacao-visual-para-pequenos-negocios\/\" \/>\n<meta property=\"og:site_name\" content=\"Blog\" \/>\n<meta property=\"article:published_time\" content=\"2024-06-11T18:24:44+00:00\" \/>\n<meta property=\"article:modified_time\" content=\"2024-06-11T18:24:56+00:00\" \/>\n<meta property=\"og:image\" content=\"https:\/\/www.luminosossp.com.br\/blog\/wp-content\/uploads\/2024\/06\/photo_1-5.jpg\" \/>\n\t<meta property=\"og:image:width\" content=\"809\" \/>\n\t<meta property=\"og:image:height\" content=\"607\" \/>\n\t<meta property=\"og:image:type\" content=\"image\/jpeg\" \/>\n<meta name=\"author\" content=\"admin\" \/>\n<meta name=\"twitter:card\" content=\"summary_large_image\" \/>\n<meta name=\"twitter:label1\" content=\"Escrito por\" \/>\n\t<meta name=\"twitter:data1\" content=\"admin\" \/>\n\t<meta name=\"twitter:label2\" content=\"Est. tempo de leitura\" \/>\n\t<meta name=\"twitter:data2\" content=\"3 minutos\" \/>\n<script type=\"application\/ld+json\" class=\"yoast-schema-graph\">{\"@context\":\"https:\/\/schema.org\",\"@graph\":[{\"@type\":\"Article\",\"@id\":\"https:\/\/www.luminosossp.com.br\/blog\/a-importancia-da-comunicacao-visual-para-pequenos-negocios\/#article\",\"isPartOf\":{\"@id\":\"https:\/\/www.luminosossp.com.br\/blog\/a-importancia-da-comunicacao-visual-para-pequenos-negocios\/\"},\"author\":{\"name\":\"admin\",\"@id\":\"https:\/\/www.luminosossp.com.br\/blog\/#\/schema\/person\/6d0a8f9ebbccf41c1478cada680f3e87\"},\"headline\":\"A import\u00e2ncia da comunica\u00e7\u00e3o visual para pequenos neg\u00f3cios\",\"datePublished\":\"2024-06-11T18:24:44+00:00\",\"dateModified\":\"2024-06-11T18:24:56+00:00\",\"mainEntityOfPage\":{\"@id\":\"https:\/\/www.luminosossp.com.br\/blog\/a-importancia-da-comunicacao-visual-para-pequenos-negocios\/\"},\"wordCount\":523,\"commentCount\":0,\"publisher\":{\"@id\":\"https:\/\/www.luminosossp.com.br\/blog\/#organization\"},\"keywords\":[\"Comunica\u00e7\u00e3o visual para pequenos neg\u00f3cios\",\"Comunica\u00e7\u00e3o visual para pequenos neg\u00f3cios em promo\u00e7\u00e3o\",\"Comunica\u00e7\u00e3o visual para pequenos neg\u00f3cios em Santana\",\"Comunica\u00e7\u00e3o visual para pequenos neg\u00f3cios em s\u00e3o paulo\",\"Comunica\u00e7\u00e3o visual para pequenos neg\u00f3cios em SP\",\"Comunica\u00e7\u00e3o visual para pequenos neg\u00f3cios na Freguesia do \u00d3\",\"Comunica\u00e7\u00e3o visual para pequenos neg\u00f3cios na Vila Gustavo\",\"Comunica\u00e7\u00e3o visual para pequenos neg\u00f3cios na zona norte\",\"Comunica\u00e7\u00e3o visual para pequenos neg\u00f3cios no Bom Retiro\",\"Comunica\u00e7\u00e3o visual para pequenos neg\u00f3cios no Parque Novo Mundo\",\"Comunica\u00e7\u00e3o visual para pequenos neg\u00f3cios perto de mim\",\"Comunica\u00e7\u00e3o visual para pequenos neg\u00f3cios pre\u00e7o\",\"Comunica\u00e7\u00e3o visual para pequenos neg\u00f3cios pr\u00f3ximo a mim\",\"Empresa de Comunica\u00e7\u00e3o visual para pequenos neg\u00f3cios\",\"Onde encontrar um Comunica\u00e7\u00e3o visual para pequenos neg\u00f3cios\"],\"articleSection\":[\"Comunica\u00e7\u00e3o visual\"],\"inLanguage\":\"pt-BR\",\"potentialAction\":[{\"@type\":\"CommentAction\",\"name\":\"Comment\",\"target\":[\"https:\/\/www.luminosossp.com.br\/blog\/a-importancia-da-comunicacao-visual-para-pequenos-negocios\/#respond\"]}]},{\"@type\":\"WebPage\",\"@id\":\"https:\/\/www.luminosossp.com.br\/blog\/a-importancia-da-comunicacao-visual-para-pequenos-negocios\/\",\"url\":\"https:\/\/www.luminosossp.com.br\/blog\/a-importancia-da-comunicacao-visual-para-pequenos-negocios\/\",\"name\":\"A import\u00e2ncia da comunica\u00e7\u00e3o visual para pequenos neg\u00f3cios - Blog\",\"isPartOf\":{\"@id\":\"https:\/\/www.luminosossp.com.br\/blog\/#website\"},\"datePublished\":\"2024-06-11T18:24:44+00:00\",\"dateModified\":\"2024-06-11T18:24:56+00:00\",\"description\":\"Siga com a Luminosos SP no decorrer deste artigo e venha conhecer todos os detalhes sobre o que podemos oferecer.\",\"breadcrumb\":{\"@id\":\"https:\/\/www.luminosossp.com.br\/blog\/a-importancia-da-comunicacao-visual-para-pequenos-negocios\/#breadcrumb\"},\"inLanguage\":\"pt-BR\",\"potentialAction\":[{\"@type\":\"ReadAction\",\"target\":[\"https:\/\/www.luminosossp.com.br\/blog\/a-importancia-da-comunicacao-visual-para-pequenos-negocios\/\"]}]},{\"@type\":\"BreadcrumbList\",\"@id\":\"https:\/\/www.luminosossp.com.br\/blog\/a-importancia-da-comunicacao-visual-para-pequenos-negocios\/#breadcrumb\",\"itemListElement\":[{\"@type\":\"ListItem\",\"position\":1,\"name\":\"In\u00edcio\",\"item\":\"https:\/\/www.luminosossp.com.br\/blog\/\"},{\"@type\":\"ListItem\",\"position\":2,\"name\":\"A import\u00e2ncia da comunica\u00e7\u00e3o visual para pequenos neg\u00f3cios\"}]},{\"@type\":\"WebSite\",\"@id\":\"https:\/\/www.luminosossp.com.br\/blog\/#website\",\"url\":\"https:\/\/www.luminosossp.com.br\/blog\/\",\"name\":\"Blog\",\"description\":\"Luminosossp\",\"publisher\":{\"@id\":\"https:\/\/www.luminosossp.com.br\/blog\/#organization\"},\"potentialAction\":[{\"@type\":\"SearchAction\",\"target\":{\"@type\":\"EntryPoint\",\"urlTemplate\":\"https:\/\/www.luminosossp.com.br\/blog\/?s={search_term_string}\"},\"query-input\":\"required name=search_term_string\"}],\"inLanguage\":\"pt-BR\"},{\"@type\":\"Organization\",\"@id\":\"https:\/\/www.luminosossp.com.br\/blog\/#organization\",\"name\":\"Blog\",\"url\":\"https:\/\/www.luminosossp.com.br\/blog\/\",\"logo\":{\"@type\":\"ImageObject\",\"inLanguage\":\"pt-BR\",\"@id\":\"https:\/\/www.luminosossp.com.br\/blog\/#\/schema\/logo\/image\/\",\"url\":\"https:\/\/www.luminosossp.com.br\/blog\/wp-content\/uploads\/2024\/01\/logo-6.png\",\"contentUrl\":\"https:\/\/www.luminosossp.com.br\/blog\/wp-content\/uploads\/2024\/01\/logo-6.png\",\"width\":150,\"height\":150,\"caption\":\"Blog\"},\"image\":{\"@id\":\"https:\/\/www.luminosossp.com.br\/blog\/#\/schema\/logo\/image\/\"}},{\"@type\":\"Person\",\"@id\":\"https:\/\/www.luminosossp.com.br\/blog\/#\/schema\/person\/6d0a8f9ebbccf41c1478cada680f3e87\",\"name\":\"admin\",\"image\":{\"@type\":\"ImageObject\",\"inLanguage\":\"pt-BR\",\"@id\":\"https:\/\/www.luminosossp.com.br\/blog\/#\/schema\/person\/image\/\",\"url\":\"https:\/\/secure.gravatar.com\/avatar\/94d94992e5dcccff24919365b24c228f2dc818bb6650ab086de97177901f17db?s=96&d=mm&r=g\",\"contentUrl\":\"https:\/\/secure.gravatar.com\/avatar\/94d94992e5dcccff24919365b24c228f2dc818bb6650ab086de97177901f17db?s=96&d=mm&r=g\",\"caption\":\"admin\"},\"sameAs\":[\"https:\/\/luminosossp.com.br\/blog\"],\"url\":\"https:\/\/www.luminosossp.com.br\/blog\/author\/admin\/\"}]}<\/script>\n<!-- \/ Yoast SEO plugin. -->","yoast_head_json":{"title":"A import\u00e2ncia da comunica\u00e7\u00e3o visual para pequenos neg\u00f3cios - Blog","description":"Siga com a Luminosos SP no decorrer deste artigo e venha conhecer todos os detalhes sobre o que podemos oferecer.","robots":{"index":"index","follow":"follow","max-snippet":"max-snippet:-1","max-image-preview":"max-image-preview:large","max-video-preview":"max-video-preview:-1"},"canonical":"https:\/\/www.luminosossp.com.br\/blog\/a-importancia-da-comunicacao-visual-para-pequenos-negocios\/","og_locale":"pt_BR","og_type":"article","og_title":"A import\u00e2ncia da comunica\u00e7\u00e3o visual para pequenos neg\u00f3cios - Blog","og_description":"Siga com a Luminosos SP no decorrer deste artigo e venha conhecer todos os detalhes sobre o que podemos oferecer.","og_url":"https:\/\/www.luminosossp.com.br\/blog\/a-importancia-da-comunicacao-visual-para-pequenos-negocios\/","og_site_name":"Blog","article_published_time":"2024-06-11T18:24:44+00:00","article_modified_time":"2024-06-11T18:24:56+00:00","og_image":[{"width":809,"height":607,"url":"https:\/\/www.luminosossp.com.br\/blog\/wp-content\/uploads\/2024\/06\/photo_1-5.jpg","type":"image\/jpeg"}],"author":"admin","twitter_card":"summary_large_image","twitter_misc":{"Escrito por":"admin","Est. tempo de leitura":"3 minutos"},"schema":{"@context":"https:\/\/schema.org","@graph":[{"@type":"Article","@id":"https:\/\/www.luminosossp.com.br\/blog\/a-importancia-da-comunicacao-visual-para-pequenos-negocios\/#article","isPartOf":{"@id":"https:\/\/www.luminosossp.com.br\/blog\/a-importancia-da-comunicacao-visual-para-pequenos-negocios\/"},"author":{"name":"admin","@id":"https:\/\/www.luminosossp.com.br\/blog\/#\/schema\/person\/6d0a8f9ebbccf41c1478cada680f3e87"},"headline":"A import\u00e2ncia da comunica\u00e7\u00e3o visual para pequenos neg\u00f3cios","datePublished":"2024-06-11T18:24:44+00:00","dateModified":"2024-06-11T18:24:56+00:00","mainEntityOfPage":{"@id":"https:\/\/www.luminosossp.com.br\/blog\/a-importancia-da-comunicacao-visual-para-pequenos-negocios\/"},"wordCount":523,"commentCount":0,"publisher":{"@id":"https:\/\/www.luminosossp.com.br\/blog\/#organization"},"keywords":["Comunica\u00e7\u00e3o visual para pequenos neg\u00f3cios","Comunica\u00e7\u00e3o visual para pequenos neg\u00f3cios em promo\u00e7\u00e3o","Comunica\u00e7\u00e3o visual para pequenos neg\u00f3cios em Santana","Comunica\u00e7\u00e3o visual para pequenos neg\u00f3cios em s\u00e3o paulo","Comunica\u00e7\u00e3o visual para pequenos neg\u00f3cios em SP","Comunica\u00e7\u00e3o visual para pequenos neg\u00f3cios na Freguesia do \u00d3","Comunica\u00e7\u00e3o visual para pequenos neg\u00f3cios na Vila Gustavo","Comunica\u00e7\u00e3o visual para pequenos neg\u00f3cios na zona norte","Comunica\u00e7\u00e3o visual para pequenos neg\u00f3cios no Bom Retiro","Comunica\u00e7\u00e3o visual para pequenos neg\u00f3cios no Parque Novo Mundo","Comunica\u00e7\u00e3o visual para pequenos neg\u00f3cios perto de mim","Comunica\u00e7\u00e3o visual para pequenos neg\u00f3cios pre\u00e7o","Comunica\u00e7\u00e3o visual para pequenos neg\u00f3cios pr\u00f3ximo a mim","Empresa de Comunica\u00e7\u00e3o visual para pequenos neg\u00f3cios","Onde encontrar um Comunica\u00e7\u00e3o visual para pequenos neg\u00f3cios"],"articleSection":["Comunica\u00e7\u00e3o visual"],"inLanguage":"pt-BR","potentialAction":[{"@type":"CommentAction","name":"Comment","target":["https:\/\/www.luminosossp.com.br\/blog\/a-importancia-da-comunicacao-visual-para-pequenos-negocios\/#respond"]}]},{"@type":"WebPage","@id":"https:\/\/www.luminosossp.com.br\/blog\/a-importancia-da-comunicacao-visual-para-pequenos-negocios\/","url":"https:\/\/www.luminosossp.com.br\/blog\/a-importancia-da-comunicacao-visual-para-pequenos-negocios\/","name":"A import\u00e2ncia da comunica\u00e7\u00e3o visual para pequenos neg\u00f3cios - Blog","isPartOf":{"@id":"https:\/\/www.luminosossp.com.br\/blog\/#website"},"datePublished":"2024-06-11T18:24:44+00:00","dateModified":"2024-06-11T18:24:56+00:00","description":"Siga com a Luminosos SP no decorrer deste artigo e venha conhecer todos os detalhes sobre o que podemos oferecer.","breadcrumb":{"@id":"https:\/\/www.luminosossp.com.br\/blog\/a-importancia-da-comunicacao-visual-para-pequenos-negocios\/#breadcrumb"},"inLanguage":"pt-BR","potentialAction":[{"@type":"ReadAction","target":["https:\/\/www.luminosossp.com.br\/blog\/a-importancia-da-comunicacao-visual-para-pequenos-negocios\/"]}]},{"@type":"BreadcrumbList","@id":"https:\/\/www.luminosossp.com.br\/blog\/a-importancia-da-comunicacao-visual-para-pequenos-negocios\/#breadcrumb","itemListElement":[{"@type":"ListItem","position":1,"name":"In\u00edcio","item":"https:\/\/www.luminosossp.com.br\/blog\/"},{"@type":"ListItem","position":2,"name":"A import\u00e2ncia da comunica\u00e7\u00e3o visual para pequenos neg\u00f3cios"}]},{"@type":"WebSite","@id":"https:\/\/www.luminosossp.com.br\/blog\/#website","url":"https:\/\/www.luminosossp.com.br\/blog\/","name":"Blog","description":"Luminosossp","publisher":{"@id":"https:\/\/www.luminosossp.com.br\/blog\/#organization"},"potentialAction":[{"@type":"SearchAction","target":{"@type":"EntryPoint","urlTemplate":"https:\/\/www.luminosossp.com.br\/blog\/?s={search_term_string}"},"query-input":"required name=search_term_string"}],"inLanguage":"pt-BR"},{"@type":"Organization","@id":"https:\/\/www.luminosossp.com.br\/blog\/#organization","name":"Blog","url":"https:\/\/www.luminosossp.com.br\/blog\/","logo":{"@type":"ImageObject","inLanguage":"pt-BR","@id":"https:\/\/www.luminosossp.com.br\/blog\/#\/schema\/logo\/image\/","url":"https:\/\/www.luminosossp.com.br\/blog\/wp-content\/uploads\/2024\/01\/logo-6.png","contentUrl":"https:\/\/www.luminosossp.com.br\/blog\/wp-content\/uploads\/2024\/01\/logo-6.png","width":150,"height":150,"caption":"Blog"},"image":{"@id":"https:\/\/www.luminosossp.com.br\/blog\/#\/schema\/logo\/image\/"}},{"@type":"Person","@id":"https:\/\/www.luminosossp.com.br\/blog\/#\/schema\/person\/6d0a8f9ebbccf41c1478cada680f3e87","name":"admin","image":{"@type":"ImageObject","inLanguage":"pt-BR","@id":"https:\/\/www.luminosossp.com.br\/blog\/#\/schema\/person\/image\/","url":"https:\/\/secure.gravatar.com\/avatar\/94d94992e5dcccff24919365b24c228f2dc818bb6650ab086de97177901f17db?s=96&d=mm&r=g","contentUrl":"https:\/\/secure.gravatar.com\/avatar\/94d94992e5dcccff24919365b24c228f2dc818bb6650ab086de97177901f17db?s=96&d=mm&r=g","caption":"admin"},"sameAs":["https:\/\/luminosossp.com.br\/blog"],"url":"https:\/\/www.luminosossp.com.br\/blog\/author\/admin\/"}]}},"_links":{"self":[{"href":"https:\/\/www.luminosossp.com.br\/blog\/wp-json\/wp\/v2\/posts\/101","targetHints":{"allow":["GET"]}}],"collection":[{"href":"https:\/\/www.luminosossp.com.br\/blog\/wp-json\/wp\/v2\/posts"}],"about":[{"href":"https:\/\/www.luminosossp.com.br\/blog\/wp-json\/wp\/v2\/types\/post"}],"author":[{"embeddable":true,"href":"https:\/\/www.luminosossp.com.br\/blog\/wp-json\/wp\/v2\/users\/1"}],"replies":[{"embeddable":true,"href":"https:\/\/www.luminosossp.com.br\/blog\/wp-json\/wp\/v2\/comments?post=101"}],"version-history":[{"count":1,"href":"https:\/\/www.luminosossp.com.br\/blog\/wp-json\/wp\/v2\/posts\/101\/revisions"}],"predecessor-version":[{"id":105,"href":"https:\/\/www.luminosossp.com.br\/blog\/wp-json\/wp\/v2\/posts\/101\/revisions\/105"}],"wp:featuredmedia":[{"embeddable":true,"href":"https:\/\/www.luminosossp.com.br\/blog\/wp-json\/wp\/v2\/media\/102"}],"wp:attachment":[{"href":"https:\/\/www.luminosossp.com.br\/blog\/wp-json\/wp\/v2\/media?parent=101"}],"wp:term":[{"taxonomy":"category","embeddable":true,"href":"https:\/\/www.luminosossp.com.br\/blog\/wp-json\/wp\/v2\/categories?post=101"},{"taxonomy":"post_tag","embeddable":true,"href":"https:\/\/www.luminosossp.com.br\/blog\/wp-json\/wp\/v2\/tags?post=101"}],"curies":[{"name":"wp","href":"https:\/\/api.w.org\/{rel}","templated":true}]}}